{"id":1693,"date":"2020-05-18T13:16:39","date_gmt":"2020-05-18T18:16:39","guid":{"rendered":"https:\/\/worldjusticeproject.mx\/?p=1693"},"modified":"2022-10-24T11:15:26","modified_gmt":"2022-10-24T16:15:26","slug":"no-habra-paz-sin-la-policia","status":"publish","type":"post","link":"https:\/\/worldjusticeproject.mx\/en\/no-habra-paz-sin-la-policia\/","title":{"rendered":"No habr\u00e1 paz sin la polic\u00eda"},"content":{"rendered":"<div data-elementor-type=\"wp-post\" data-elementor-id=\"1693\" class=\"elementor elementor-1693\" data-elementor-post-type=\"post\">\n\t\t\t\t\t\t<section class=\"elementor-section elementor-top-section elementor-element elementor-element-37ae731 elementor-section-boxed elementor-section-height-default elementor-section-height-default\" data-id=\"37ae731\" data-element_type=\"section\">\n\t\t\t\t\t\t<div class=\"elementor-container elementor-column-gap-default\">\n\t\t\t\t\t<div class=\"elementor-column elementor-col-100 elementor-top-column elementor-element elementor-element-759b6cf\" data-id=\"759b6cf\" data-element_type=\"column\">\n\t\t\t<div class=\"elementor-widget-wrap elementor-element-populated\">\n\t\t\t\t\t\t<div class=\"elementor-element elementor-element-d3fcfa4 elementor-widget elementor-widget-text-editor\" data-id=\"d3fcfa4\" data-element_type=\"widget\" data-widget_type=\"text-editor.default\">\n\t\t\t\t<div class=\"elementor-widget-container\">\n\t\t\t\t\t\t\t\t\t<p><em style=\"font-size: 13.333333px;\">Por:&nbsp;<span style=\"color: rgb(51, 102, 255);\"><a href=\"https:\/\/twitter.com\/marien_rivera\" target=\"_blank\" rel=\"noopener\" style=\"color: rgb(51, 102, 255);\">Marien Rivera<\/a><\/span>&nbsp;y&nbsp;<span style=\"color: rgb(51, 102, 255);\"><a href=\"https:\/\/twitter.com\/cklilian\" target=\"_blank\" rel=\"noopener\" style=\"color: rgb(51, 102, 255);\">Lilian Chapa Koloffon<\/a><\/span><\/em><br><\/p>\n<p>Cuentan que estos d\u00edas la <i>instrucci\u00f3n <\/i>es no hacer cambio alguno, no tocar la Constituci\u00f3n salvo para los temas en la agenda del Presidente. Dejar las leyes como est\u00e1n. Esa postura ha encontrado eco en algunos sectores de la academia y la sociedad civil; respecto a nuestro sistema de seguridad y justicia, argumentan que el problema es de implementaci\u00f3n o gesti\u00f3n en fiscal\u00edas y procuradur\u00edas, no de dise\u00f1o. Que los cambios que necesitamos son, palabras m\u00e1s, palabras menos, <i>administrativos. <\/i>Cuesti\u00f3n de distribuir mejor los casos, los procesos y reorientar las prioridades. En cristiano, de que se organicen mejor con las mismas reglas.<i><span class=\"Apple-converted-space\">&nbsp;<\/span><\/i><\/p>\t\t\t\t\t\t\t\t<\/div>\n\t\t\t\t<\/div>\n\t\t\t\t<div class=\"elementor-element elementor-element-1d2e72e elementor-align-center elementor-widget elementor-widget-button\" data-id=\"1d2e72e\" data-element_type=\"widget\" data-widget_type=\"button.default\">\n\t\t\t\t<div class=\"elementor-widget-container\">\n\t\t\t\t\t\t\t\t\t<div class=\"elementor-button-wrapper\">\n\t\t\t\t\t<a class=\"elementor-button elementor-button-link elementor-size-sm\" href=\"https:\/\/worldjusticeproject.mx\/en\/jad_001\/\" target=\"_blank\">\n\t\t\t\t\t\t<span class=\"elementor-button-content-wrapper\">\n\t\t\t\t\t\t<span class=\"elementor-button-icon\">\n\t\t\t\t<i aria-hidden=\"true\" class=\"far fa-arrow-alt-circle-down\"><\/i>\t\t\t<\/span>\n\t\t\t\t\t\t\t\t\t<span class=\"elementor-button-text\">Descarga el an\u00e1lisis completo<\/span>\n\t\t\t\t\t<\/span>\n\t\t\t\t\t<\/a>\n\t\t\t\t<\/div>\n\t\t\t\t\t\t\t\t<\/div>\n\t\t\t\t<\/div>\n\t\t\t\t<div class=\"elementor-element elementor-element-9122f45 elementor-blockquote--skin-clean elementor-blockquote--align-right elementor-blockquote--button-color-official elementor-widget elementor-widget-blockquote\" data-id=\"9122f45\" data-element_type=\"widget\" data-widget_type=\"blockquote.default\">\n\t\t\t\t<div class=\"elementor-widget-container\">\n\t\t\t\t\t\t\t<blockquote class=\"elementor-blockquote\">\n\t\t\t<p class=\"elementor-blockquote__content\">\n\t\t\t\t\"En M\u00e9xico, la regla es que los delitos no se investigan.\"\t\t\t<\/p>\n\t\t\t\t\t<\/blockquote>\n\t\t\t\t\t\t<\/div>\n\t\t\t\t<\/div>\n\t\t\t\t<div class=\"elementor-element elementor-element-f9ff8bc elementor-widget-divider--view-line elementor-widget elementor-widget-divider\" data-id=\"f9ff8bc\" data-element_type=\"widget\" data-widget_type=\"divider.default\">\n\t\t\t\t<div class=\"elementor-widget-container\">\n\t\t\t\t\t\t\t<div class=\"elementor-divider\">\n\t\t\t<span class=\"elementor-divider-separator\">\n\t\t\t\t\t\t<\/span>\n\t\t<\/div>\n\t\t\t\t\t\t<\/div>\n\t\t\t\t<\/div>\n\t\t\t\t<div class=\"elementor-element elementor-element-e019955 elementor-widget elementor-widget-text-editor\" data-id=\"e019955\" data-element_type=\"widget\" data-widget_type=\"text-editor.default\">\n\t\t\t\t<div class=\"elementor-widget-container\">\n\t\t\t\t\t\t\t\t\t<p><span style=\"font-size: 1rem;\">Este reto, sin embargo, no admitir\u00e1 cambios meramente <\/span><i style=\"font-size: 1rem;\">administrativos<\/i><span style=\"font-size: 1rem;\">. <\/span><b style=\"font-size: 1rem;\">No hay forma de disociar la violencia y la delincuencia de la estructura de impunidad que las hace posibles. <\/b><span style=\"font-size: 1rem;\">Podr\u00edan triplicarse la cantidad de fiscal\u00edas especializadas en violencia de g\u00e9nero en cada ciudad del pa\u00eds y nada cambiar\u00eda, tal como lo demuestran las fiscal\u00edas especializadas en violencia contra periodistas, desapariciones forzadas y feminicidios: su efectividad es cercana a cero. Y la raz\u00f3n es simple. En M\u00e9xico, la regla es que los delitos no se investigan. Ni unos, ni otros. El sistema de justicia penal convirti\u00f3 a sus fiscal\u00edas en un cuello de botella tan estrecho que, muchas veces, ni el delito m\u00e1s flagrante logra atravesar su burocracia.<\/span><\/p><p><a href=\"https:\/\/worldjusticeproject.mx\/wp-content\/uploads\/2020\/05\/feminicio-2.jpg\"><img fetchpriority=\"high\" decoding=\"async\" class=\"aligncenter size-full wp-image-1706\" src=\"https:\/\/worldjusticeproject.mx\/wp-content\/uploads\/2020\/05\/feminicio-2.jpg\" alt=\"\" width=\"2500\" height=\"2000\" srcset=\"https:\/\/worldjusticeproject.mx\/wp-content\/uploads\/2020\/05\/feminicio-2.jpg 2500w, https:\/\/worldjusticeproject.mx\/wp-content\/uploads\/2020\/05\/feminicio-2-470x376.jpg 470w, https:\/\/worldjusticeproject.mx\/wp-content\/uploads\/2020\/05\/feminicio-2-970x776.jpg 970w, https:\/\/worldjusticeproject.mx\/wp-content\/uploads\/2020\/05\/feminicio-2-170x136.jpg 170w, https:\/\/worldjusticeproject.mx\/wp-content\/uploads\/2020\/05\/feminicio-2-768x614.jpg 768w, https:\/\/worldjusticeproject.mx\/wp-content\/uploads\/2020\/05\/feminicio-2-1536x1229.jpg 1536w, https:\/\/worldjusticeproject.mx\/wp-content\/uploads\/2020\/05\/feminicio-2-2048x1638.jpg 2048w\" sizes=\"(max-width: 2500px) 100vw, 2500px\" \/><\/a><\/p><p>El punto central de este texto es que llevamos d\u00e9cadas actuando en funci\u00f3n de un diagn\u00f3stico incompleto del problema. Y lo que proponemos es regresar al origen del asunto y plantear soluciones desde ah\u00ed. La siguiente parte de este an\u00e1lisis busca precisamente eso.<\/p><h5><b>1. Las ra\u00edces (constitucionales) de la impunidad<\/b><\/h5><p>Si tuvi\u00e9ramos que unir con puntos el camino que nos trajo hasta aqu\u00ed, el primero de ellos habr\u00eda que ponerlo en <b>el art\u00edculo 21 de nuestra Constituci\u00f3n<\/b>. Estamos en una lista diminuta de pa\u00edses que pusieron a las fiscal\u00edas a cargo de la investigaci\u00f3n de los delitos. Y las polic\u00edas act\u00faan s\u00f3lo bajo su <i>conducci\u00f3n y mando<\/i>. Los casi 300 mil agentes de polic\u00eda desplegados a lo largo y ancho del pa\u00eds no pueden investigar nada sin que un fiscal se los autorice expresamente mediante oficio. Fiscales, por cierto, tenemos poco m\u00e1s de 6 mil. Para fines ilustrativos, si dividimos el total de delitos que ocurren al a\u00f1o (ENVIPE 2019) entre el n\u00famero de agentes del Ministerio P\u00fablico del orden estatal (Censo Nacional Procuraci\u00f3n de Justicia Estatal), a cada uno le corresponder\u00eda dirigir la investigaci\u00f3n de algo as\u00ed como 5 mil delitos al a\u00f1o.<b><\/b><\/p>\t\t\t\t\t\t\t\t<\/div>\n\t\t\t\t<\/div>\n\t\t\t\t<div class=\"elementor-element elementor-element-221eb47 elementor-blockquote--skin-clean elementor-blockquote--align-right elementor-blockquote--button-color-official elementor-widget elementor-widget-blockquote\" data-id=\"221eb47\" data-element_type=\"widget\" data-widget_type=\"blockquote.default\">\n\t\t\t\t<div class=\"elementor-widget-container\">\n\t\t\t\t\t\t\t<blockquote class=\"elementor-blockquote\">\n\t\t\t<p class=\"elementor-blockquote__content\">\n\t\t\t\t\"Los casi 300 mil agentes de polic\u00eda desplegados a lo largo y ancho del pa\u00eds no pueden investigar nada sin que un fiscal se los autorice.\"\t\t\t<\/p>\n\t\t\t\t\t<\/blockquote>\n\t\t\t\t\t\t<\/div>\n\t\t\t\t<\/div>\n\t\t\t\t<div class=\"elementor-element elementor-element-9026137 elementor-widget-divider--view-line elementor-widget elementor-widget-divider\" data-id=\"9026137\" data-element_type=\"widget\" data-widget_type=\"divider.default\">\n\t\t\t\t<div class=\"elementor-widget-container\">\n\t\t\t\t\t\t\t<div class=\"elementor-divider\">\n\t\t\t<span class=\"elementor-divider-separator\">\n\t\t\t\t\t\t<\/span>\n\t\t<\/div>\n\t\t\t\t\t\t<\/div>\n\t\t\t\t<\/div>\n\t\t\t\t<div class=\"elementor-element elementor-element-7d11ec0 elementor-widget elementor-widget-text-editor\" data-id=\"7d11ec0\" data-element_type=\"widget\" data-widget_type=\"text-editor.default\">\n\t\t\t\t<div class=\"elementor-widget-container\">\n\t\t\t\t\t\t\t\t\t<p>Ahora, <b>el remedio no est\u00e1 en reclutar m\u00e1s fiscales o Ministerios P\u00fablicos. <\/b>El aspecto m\u00e1s importante de la soluci\u00f3n est\u00e1 en clarificar qu\u00e9 trabajo le toca a cada autoridad. Todos los pa\u00edses con un sistema de procuraci\u00f3n de justicia funcional lo tienen muy claro: la polic\u00eda investiga y, cuando genera suficiente evidencia, presenta su caso ante la fiscal\u00eda. La fiscal\u00eda, por su parte, tiene como tarea principal estructurar el argumento legal de la acusaci\u00f3n y defenderla en tribunales. Aqu\u00ed no.<\/p><p>En M\u00e9xico \u2013en teor\u00eda\u2013 las fiscal\u00edas investigan y dirigen a las polic\u00edas de investigaci\u00f3n, atienden a las v\u00edctimas, sirven como mediadoras de conflictos, coordinan a los peritos, resguardan la evidencia, etc. El caso es que en realidad est\u00e1n tan ocupadas en actividades que no deber\u00edan ser su responsabilidad, que <b>s\u00f3lo en 0.3% de los delitos que se cometen en el pa\u00eds son capaces de presentar al probable responsable ante un juez.<\/b> Y ah\u00ed est\u00e1 el siguiente puntito del camino.<\/p><p>Dice el art\u00edculo 16 constitucional que si la polic\u00eda o cualquier persona logra detener a una persona en flagrancia (en el preciso momento en el que est\u00e1 cometiendo un delito) debe ponerla a disposici\u00f3n de la Fiscal\u00eda. Entonces ah\u00ed los polic\u00edas y la persona sospechosa se forman, tres, nueve, hasta 12 horas, hasta un agente decide si vale la pena llevarle a ante un Juez.<\/p><p>\u00bfPor qu\u00e9 no puede ir la polic\u00eda directamente con el juez si no hay nada que investigar y la persona sospechosa ya se encuentra detenida? Porque entonces la fiscal\u00eda perder\u00eda ese espacio arbitrario de poder en el que puede decidir si la persona va a audiencia, o no, y por cu\u00e1l delito.<i> \u00bfViolencia familiar? \u2014Hmm, mejor lesiones simples. <\/i>Y de esa forma la Fiscal\u00eda desv\u00eda a Mecanismos Alternativos de Soluci\u00f3n de Controversias un delito por el que debi\u00f3 abrir una investigaci\u00f3n penal y pudo haber salvado la integridad \u2013incluso la vida\u2013 de una mujer en claro riesgo. Y, por otro lado, el caso de la se\u00f1ora que, sin uso de violencia, rob\u00f3 una lata de leche en polvo para alimentar a su beb\u00e9 en una tienda de conveniencia, s\u00ed terminar\u00e1 en tribunales y con una sentencia condenatoria privativa de la libertad.<\/p><p>Cu\u00e1ntos delitos se registran y c\u00f3mo se clasifican depende hoy de la voluntad y criterio de los fiscales. Ejemplos como \u00e9stos sobran. Dejemos de hacernos bolas.<b> Esa puerta giratoria que tanto le achacan al Poder Judicial est\u00e1, en realidad, en las Fiscal\u00edas.<\/b> <b>Y no gira de forma mec\u00e1nica, gira a placer.<\/b><b><\/b><\/p>\t\t\t\t\t\t\t\t<\/div>\n\t\t\t\t<\/div>\n\t\t\t\t<div class=\"elementor-element elementor-element-a4c152c elementor-blockquote--skin-clean elementor-blockquote--align-right elementor-blockquote--button-color-official elementor-widget elementor-widget-blockquote\" data-id=\"a4c152c\" data-element_type=\"widget\" data-widget_type=\"blockquote.default\">\n\t\t\t\t<div class=\"elementor-widget-container\">\n\t\t\t\t\t\t\t<blockquote class=\"elementor-blockquote\">\n\t\t\t<p class=\"elementor-blockquote__content\">\n\t\t\t\t\"Ya sea por ahorrarse tr\u00e1mites burocr\u00e1ticos, ya sea por una ausencia extendida de investigaci\u00f3n con perspectiva de g\u00e9nero o por ambas, los delitos contra las mujeres pasan inadvertidos por el sistema de justicia.\"\t\t\t<\/p>\n\t\t\t\t\t<\/blockquote>\n\t\t\t\t\t\t<\/div>\n\t\t\t\t<\/div>\n\t\t\t\t<div class=\"elementor-element elementor-element-0113c61 elementor-widget-divider--view-line elementor-widget elementor-widget-divider\" data-id=\"0113c61\" data-element_type=\"widget\" data-widget_type=\"divider.default\">\n\t\t\t\t<div class=\"elementor-widget-container\">\n\t\t\t\t\t\t\t<div class=\"elementor-divider\">\n\t\t\t<span class=\"elementor-divider-separator\">\n\t\t\t\t\t\t<\/span>\n\t\t<\/div>\n\t\t\t\t\t\t<\/div>\n\t\t\t\t<\/div>\n\t\t\t\t<div class=\"elementor-element elementor-element-41b910e elementor-widget elementor-widget-text-editor\" data-id=\"41b910e\" data-element_type=\"widget\" data-widget_type=\"text-editor.default\">\n\t\t\t\t<div class=\"elementor-widget-container\">\n\t\t\t\t\t\t\t\t\t<p><a href=\"https:\/\/worldjusticeproject.mx\/wp-content\/uploads\/2020\/05\/Comic-full-scaled.jpg\"><img decoding=\"async\" class=\"aligncenter size-full wp-image-1694\" src=\"https:\/\/worldjusticeproject.mx\/wp-content\/uploads\/2020\/05\/Comic-full-scaled.jpg\" alt=\"\" width=\"1402\" height=\"2560\" srcset=\"https:\/\/worldjusticeproject.mx\/wp-content\/uploads\/2020\/05\/Comic-full-scaled.jpg 1402w, https:\/\/worldjusticeproject.mx\/wp-content\/uploads\/2020\/05\/Comic-full-470x858.jpg 470w, https:\/\/worldjusticeproject.mx\/wp-content\/uploads\/2020\/05\/Comic-full-970x1772.jpg 970w, https:\/\/worldjusticeproject.mx\/wp-content\/uploads\/2020\/05\/Comic-full-170x310.jpg 170w, https:\/\/worldjusticeproject.mx\/wp-content\/uploads\/2020\/05\/Comic-full-768x1403.jpg 768w, https:\/\/worldjusticeproject.mx\/wp-content\/uploads\/2020\/05\/Comic-full-841x1536.jpg 841w, https:\/\/worldjusticeproject.mx\/wp-content\/uploads\/2020\/05\/Comic-full-1121x2048.jpg 1121w\" sizes=\"(max-width: 1402px) 100vw, 1402px\" \/><\/a><\/p>\t\t\t\t\t\t\t\t<\/div>\n\t\t\t\t<\/div>\n\t\t\t\t<div class=\"elementor-element elementor-element-b4a4d1f elementor-blockquote--skin-clean elementor-blockquote--align-right elementor-blockquote--button-color-official elementor-widget elementor-widget-blockquote\" data-id=\"b4a4d1f\" data-element_type=\"widget\" data-widget_type=\"blockquote.default\">\n\t\t\t\t<div class=\"elementor-widget-container\">\n\t\t\t\t\t\t\t<blockquote class=\"elementor-blockquote\">\n\t\t\t<p class=\"elementor-blockquote__content\">\n\t\t\t\t\"Ya sea por ahorrarse tr\u00e1mites burocr\u00e1ticos, ya sea por una ausencia extendida de investigaci\u00f3n con perspectiva de g\u00e9nero o por ambas, los delitos contra las mujeres pasan inadvertidos por el sistema de justicia.\"\t\t\t<\/p>\n\t\t\t\t\t<\/blockquote>\n\t\t\t\t\t\t<\/div>\n\t\t\t\t<\/div>\n\t\t\t\t<div class=\"elementor-element elementor-element-2475041 elementor-widget-divider--view-line elementor-widget elementor-widget-divider\" data-id=\"2475041\" data-element_type=\"widget\" data-widget_type=\"divider.default\">\n\t\t\t\t<div class=\"elementor-widget-container\">\n\t\t\t\t\t\t\t<div class=\"elementor-divider\">\n\t\t\t<span class=\"elementor-divider-separator\">\n\t\t\t\t\t\t<\/span>\n\t\t<\/div>\n\t\t\t\t\t\t<\/div>\n\t\t\t\t<\/div>\n\t\t\t\t<div class=\"elementor-element elementor-element-058d828 elementor-widget elementor-widget-text-editor\" data-id=\"058d828\" data-element_type=\"widget\" data-widget_type=\"text-editor.default\">\n\t\t\t\t<div class=\"elementor-widget-container\">\n\t\t\t\t\t\t\t\t\t<p>Siguiente punto a conectar. Dice nuestro art\u00edculo 19 constitucional que, cuando las fiscal\u00edas retienen a una persona, ya sea por orden de aprehensi\u00f3n o por flagrancia, deben presentarla ante un juez dentro de un plazo determinado para que \u00e9ste decida si el proceso contin\u00faa y<i> le vincula a proceso<\/i> o si la persona debe ser puesta en libertad. \u00bfC\u00f3mo decide eso? La fiscal\u00eda presenta <i>datos de prueba <\/i>\u2013evidencia en estado de boceto\u2013 que sirven para establecer la existencia del delito y probabilidad de que la persona detenida lo cometi\u00f3. Es decir, son <i>casi<\/i> pruebas en un <i>mini<\/i> juicio. Lo problem\u00e1tico de este asunto es que, a partir de ese momento, pueden pasar hasta seis meses antes de que la Fiscal\u00eda tenga que presentar, ahora s\u00ed, una acusaci\u00f3n formal. S\u00f3lo entonces el juez decide si en verdad la fiscal\u00eda ten\u00eda, o no, pruebas v\u00e1lidas y suficientes para ir a juicio. Institucionalizamos, pues, el \u201c<i>primero te detengo y ya luego investigo<\/i>\u201d.<\/p><p>En Inglaterra o Estados Unidos, ese debate sobre la suficiencia de pruebas sucede en cuesti\u00f3n ya no de semanas, de d\u00edas. \u00bfEntonces por qu\u00e9 en M\u00e9xico le dimos tal cantidad de tiempo a las fiscal\u00edas para poder armar adecuadamente un caso antes de defenderlo ante un tribunal? Principalmente, porque la combinaci\u00f3n de carga de trabajo e incompetencia estructural para investigar no les permite estar listos antes de eso. Cu\u00e1l ser\u00e1 el estado de las cosas que, con frecuencia \u2013incluso con ese baj\u00edsimo est\u00e1ndar\u2013 las audiencias de vinculaci\u00f3n a proceso terminan en la libertad del imputado. Es como reprobar, ya en la universidad, un examen sobre la tabla del 1; un examen a libro abierto.<\/p><p><a href=\"https:\/\/worldjusticeproject.mx\/wp-content\/uploads\/2020\/05\/Proceso_MXvsUSAUK-Polic\u00edas.jpg\"><img decoding=\"async\" class=\"aligncenter size-full wp-image-1705\" src=\"https:\/\/worldjusticeproject.mx\/wp-content\/uploads\/2020\/05\/Proceso_MXvsUSAUK-Polic\u00edas.jpg\" alt=\"\" width=\"2500\" height=\"1773\" srcset=\"https:\/\/worldjusticeproject.mx\/wp-content\/uploads\/2020\/05\/Proceso_MXvsUSAUK-Polic\u00edas.jpg 2500w, https:\/\/worldjusticeproject.mx\/wp-content\/uploads\/2020\/05\/Proceso_MXvsUSAUK-Polic\u00edas-470x333.jpg 470w, https:\/\/worldjusticeproject.mx\/wp-content\/uploads\/2020\/05\/Proceso_MXvsUSAUK-Polic\u00edas-970x688.jpg 970w, https:\/\/worldjusticeproject.mx\/wp-content\/uploads\/2020\/05\/Proceso_MXvsUSAUK-Polic\u00edas-170x121.jpg 170w, https:\/\/worldjusticeproject.mx\/wp-content\/uploads\/2020\/05\/Proceso_MXvsUSAUK-Polic\u00edas-768x545.jpg 768w, https:\/\/worldjusticeproject.mx\/wp-content\/uploads\/2020\/05\/Proceso_MXvsUSAUK-Polic\u00edas-1536x1089.jpg 1536w, https:\/\/worldjusticeproject.mx\/wp-content\/uploads\/2020\/05\/Proceso_MXvsUSAUK-Polic\u00edas-2048x1452.jpg 2048w\" sizes=\"(max-width: 2500px) 100vw, 2500px\" \/><\/a><\/p><h5>\u00a0<\/h5><h5><b>2. \u00bfLa soluci\u00f3n? Una reforma policial en serio<\/b><\/h5><p>Hasta aqu\u00ed hemos descrito los hilos con los que se teje, desde nuestra Constituci\u00f3n, la trampa de impunidad en la que estamos atorados a\u00fan despu\u00e9s de la reforma penal de hace m\u00e1s de una d\u00e9cada. \u00bfC\u00f3mo lo solucionamos? D\u00e1ndole su lugar a las polic\u00edas, a las fiscal\u00edas y a los tribunales, tal como nos lo propusimos al transitar de un sistema penal inquisitivo hacia uno de corte acusatorio. Ello se traduce en tres premisas muy b\u00e1sicas:<span style=\"color: #482d8b;\"><b> 1) a la polic\u00eda le corresponde investigar, 2) a la fiscal\u00eda litigar y 3) a los tribunales impartir justicia. <\/b><\/span><\/p><p>En M\u00e9xico, la primera premisa no se cumple, la segunda se observa de manera mediocre y la tercera apenas est\u00e1 en v\u00edas de consolidarse. Por ello es que, con mucha frecuencia, los jueces se ven obligados a dejar en libertad a las personas imputadas. Con tan escasa producci\u00f3n de evidencia (cuando no ilegal), los tribunales buscan hasta debajo de las piedras razones para justificar una detenci\u00f3n. Pero tampoco hacen mag\u00eda.<\/p><p>Lo que queremos decir es que, para controlar y reducir la violencia echando mano del sistema de justicia, <strong><span style=\"color: #482d8b;\">es necesario transformar a los cuerpos de polic\u00eda municipales y estatales y darles facultades plenas para recibir denuncias e iniciar investigaciones, incorporando desde el d\u00eda uno la perspectiva de g\u00e9nero;<\/span><\/strong> crear mecanismos para lograr paridad de g\u00e9nero en estas corporaciones; asegurarles condiciones dignas de trabajo; as\u00ed como proporcionarles la capacitaci\u00f3n y el equipamiento que exigen estas facultades. Una reforma policial propiamente dicha, pues.<b> <\/b><b><\/b><\/p>\t\t\t\t\t\t\t\t<\/div>\n\t\t\t\t<\/div>\n\t\t\t\t<div class=\"elementor-element elementor-element-abb51df elementor-blockquote--skin-clean elementor-blockquote--align-right elementor-blockquote--button-color-official elementor-widget elementor-widget-blockquote\" data-id=\"abb51df\" data-element_type=\"widget\" data-widget_type=\"blockquote.default\">\n\t\t\t\t<div class=\"elementor-widget-container\">\n\t\t\t\t\t\t\t<blockquote class=\"elementor-blockquote\">\n\t\t\t<p class=\"elementor-blockquote__content\">\n\t\t\t\t\"Al menos seis de cada 10 v\u00edctimas o testigos que solicitaron ayuda a la autoridad v\u00eda telef\u00f3nica, fueron atendidos en persona por un polic\u00eda municipal.\"\t\t\t<\/p>\n\t\t\t\t\t<\/blockquote>\n\t\t\t\t\t\t<\/div>\n\t\t\t\t<\/div>\n\t\t\t\t<div class=\"elementor-element elementor-element-b1357e5 elementor-widget-divider--view-line elementor-widget elementor-widget-divider\" data-id=\"b1357e5\" data-element_type=\"widget\" data-widget_type=\"divider.default\">\n\t\t\t\t<div class=\"elementor-widget-container\">\n\t\t\t\t\t\t\t<div class=\"elementor-divider\">\n\t\t\t<span class=\"elementor-divider-separator\">\n\t\t\t\t\t\t<\/span>\n\t\t<\/div>\n\t\t\t\t\t\t<\/div>\n\t\t\t\t<\/div>\n\t\t\t\t<div class=\"elementor-element elementor-element-9793082 elementor-widget elementor-widget-text-editor\" data-id=\"9793082\" data-element_type=\"widget\" data-widget_type=\"text-editor.default\">\n\t\t\t\t<div class=\"elementor-widget-container\">\n\t\t\t\t\t\t\t\t\t<p>Ahora, \u00bfpor qu\u00e9 enfocarnos en las polic\u00edas locales, y no en aquellas adscritas al Ministerio P\u00fablico y fiscal\u00edas? Porque son las primeras las que tienen un contacto cotidiano no solamente con las din\u00e1micas delictivas del territorio, sino con la poblaci\u00f3n que las padece.<b> <\/b>Un dato es el mejor bot\u00f3n de muestra: <b>al menos seis de cada 10 v\u00edctimas o testigos que solicitaron ayuda a la autoridad v\u00eda telef\u00f3nica, fueron atendidos en persona por un polic\u00eda municipal <\/b>(World Justice Project, 2017). Si reconocemos que los primeros momentos despu\u00e9s de un delito son fundamentales para su esclarecimiento, la intervenci\u00f3n de las polic\u00edas locales en la preservaci\u00f3n de la evidencia, as\u00ed como en el inicio inmediato de las investigaciones es clave para detener la impunidad.<b> <\/b><\/p><p>Con esto en claro, un grupo ciudadano con larga experiencia pr\u00e1ctica en el tema \u2013formado originalmente por Bernardo Le\u00f3n, Susana Camacho, WJP y Borde Pol\u00edtico\u2013 gener\u00f3 un paquete de reformas constitucionales y legales que tambi\u00e9n buscar\u00e1 abrir otras formas de soluci\u00f3n a conflictos y a delitos no violentos a trav\u00e9s de la justicia c\u00edvica.<b><\/b><\/p><p><a href=\"https:\/\/worldjusticeproject.mx\/wp-content\/uploads\/2020\/05\/Tabla-1.jpg\"><img loading=\"lazy\" decoding=\"async\" class=\"aligncenter size-full wp-image-1697\" src=\"https:\/\/worldjusticeproject.mx\/wp-content\/uploads\/2020\/05\/Tabla-1.jpg\" alt=\"\" width=\"2526\" height=\"1937\" srcset=\"https:\/\/worldjusticeproject.mx\/wp-content\/uploads\/2020\/05\/Tabla-1.jpg 2526w, https:\/\/worldjusticeproject.mx\/wp-content\/uploads\/2020\/05\/Tabla-1-470x360.jpg 470w, https:\/\/worldjusticeproject.mx\/wp-content\/uploads\/2020\/05\/Tabla-1-970x744.jpg 970w, https:\/\/worldjusticeproject.mx\/wp-content\/uploads\/2020\/05\/Tabla-1-170x130.jpg 170w, https:\/\/worldjusticeproject.mx\/wp-content\/uploads\/2020\/05\/Tabla-1-768x589.jpg 768w, https:\/\/worldjusticeproject.mx\/wp-content\/uploads\/2020\/05\/Tabla-1-1536x1178.jpg 1536w, https:\/\/worldjusticeproject.mx\/wp-content\/uploads\/2020\/05\/Tabla-1-2048x1570.jpg 2048w\" sizes=\"(max-width: 2526px) 100vw, 2526px\" \/><\/a> <a href=\"https:\/\/worldjusticeproject.mx\/wp-content\/uploads\/2020\/05\/Tabla-2.jpg\"><img loading=\"lazy\" decoding=\"async\" class=\"aligncenter size-full wp-image-1703\" src=\"https:\/\/worldjusticeproject.mx\/wp-content\/uploads\/2020\/05\/Tabla-2.jpg\" alt=\"\" width=\"2526\" height=\"1011\" srcset=\"https:\/\/worldjusticeproject.mx\/wp-content\/uploads\/2020\/05\/Tabla-2.jpg 2526w, https:\/\/worldjusticeproject.mx\/wp-content\/uploads\/2020\/05\/Tabla-2-470x188.jpg 470w, https:\/\/worldjusticeproject.mx\/wp-content\/uploads\/2020\/05\/Tabla-2-970x388.jpg 970w, https:\/\/worldjusticeproject.mx\/wp-content\/uploads\/2020\/05\/Tabla-2-170x68.jpg 170w, https:\/\/worldjusticeproject.mx\/wp-content\/uploads\/2020\/05\/Tabla-2-768x307.jpg 768w, https:\/\/worldjusticeproject.mx\/wp-content\/uploads\/2020\/05\/Tabla-2-1536x615.jpg 1536w, https:\/\/worldjusticeproject.mx\/wp-content\/uploads\/2020\/05\/Tabla-2-2048x820.jpg 2048w\" sizes=\"(max-width: 2526px) 100vw, 2526px\" \/><\/a><\/p>\t\t\t\t\t\t\t\t<\/div>\n\t\t\t\t<\/div>\n\t\t\t\t<div class=\"elementor-element elementor-element-24cd700 elementor-blockquote--skin-clean elementor-blockquote--align-right elementor-blockquote--button-color-official elementor-widget elementor-widget-blockquote\" data-id=\"24cd700\" data-element_type=\"widget\" data-widget_type=\"blockquote.default\">\n\t\t\t\t<div class=\"elementor-widget-container\">\n\t\t\t\t\t\t\t<blockquote class=\"elementor-blockquote\">\n\t\t\t<p class=\"elementor-blockquote__content\">\n\t\t\t\t\"Ahorrar no es guardar, sino saber gastar.\"\t\t\t<\/p>\n\t\t\t\t\t<\/blockquote>\n\t\t\t\t\t\t<\/div>\n\t\t\t\t<\/div>\n\t\t\t\t<div class=\"elementor-element elementor-element-a1969aa elementor-widget-divider--view-line elementor-widget elementor-widget-divider\" data-id=\"a1969aa\" data-element_type=\"widget\" data-widget_type=\"divider.default\">\n\t\t\t\t<div class=\"elementor-widget-container\">\n\t\t\t\t\t\t\t<div class=\"elementor-divider\">\n\t\t\t<span class=\"elementor-divider-separator\">\n\t\t\t\t\t\t<\/span>\n\t\t<\/div>\n\t\t\t\t\t\t<\/div>\n\t\t\t\t<\/div>\n\t\t\t\t<div class=\"elementor-element elementor-element-ca14276 elementor-widget elementor-widget-text-editor\" data-id=\"ca14276\" data-element_type=\"widget\" data-widget_type=\"text-editor.default\">\n\t\t\t\t<div class=\"elementor-widget-container\">\n\t\t\t\t\t\t\t\t\t<p>Hasta aqu\u00ed todo muy bien. Pero, \u00bfcon qu\u00e9 dinero? Hoy en d\u00eda, las polic\u00edas municipales, as\u00ed como las estatales, carecen del personal y recursos suficientes para cumplir con las funciones m\u00e1s b\u00e1sicas. Sus salarios son precarios, est\u00e1n sub-equipadas y no ofrecen condiciones de trabajo dignas a su personal. En muy buena medida, <b>este s\u00ed es un problema cuya soluci\u00f3n depende de asignar m\u00e1s recursos p\u00fablicos espec\u00edficamente a las polic\u00edas<\/b>. La reforma propuesta, adem\u00e1s, contempla nueva infraestructura, tecnolog\u00eda e inversiones financieras importantes tambi\u00e9n en las Fiscal\u00edas y, sobretodo, en el Poder Judicial. En ese sentido, podemos prever, desde ahora, que cualquier esfuerzo que no alcance un espectro nacional ser\u00e1 insuficiente.<\/p><p>Por ejemplo, respecto a las polic\u00edas, el Fondo de Aportaciones para el Fortalecimiento de los Municipios y de las Demarcaciones Territoriales del Distrito Federal (Fortamun) es la principal fuente de financiamiento: cada a\u00f1o la federaci\u00f3n distribuye 43 mil millones de pesos directamente a los municipios para proveer servicios municipales, entre ellos, la seguridad p\u00fablica. Naturalmente, la amplitud del rubro \u201cservicios municipales\u201d abre la puerta para que solventen sus deudas de agua o alumbrado p\u00fablico y una m\u00ednima parte de los recursos lleguen a las polic\u00edas. Hoy no sabemos con exactitud qu\u00e9 porcentaje del Fortamun reciben, ni se tiene la capacidad para auditar el destino de cada peso que los municipios dicen invertir en seguridad.<\/p><p>Por esa raz\u00f3n, la iniciativa de la sociedad civil propone <b>etiquetar un porcentaje de esta importante bolsa de recursos desde la Ley de Coordinaci\u00f3n Fiscal espec\u00edficamente para el fortalecimiento de las polic\u00edas municipales<\/b>. S\u00ed hay municipios que destinan un porcentaje de impuestos locales \u2013permisos o licencias a establecimientos mercantiles, por ejemplo\u2013 a su polic\u00eda, y al menos una entidad federativa, Nuevo Le\u00f3n, destina 30 por ciento del impuesto a casinos para el fortalecimiento de la seguridad p\u00fablica local (polic\u00eda y acciones de prevenci\u00f3n). Muchas soluciones son constitucionales, s\u00ed, otras federales, pero mucho se puede hacer desde lo local.<\/p><p>\u00a0<\/p><h5><b><a href=\"https:\/\/worldjusticeproject.mx\/wp-content\/uploads\/2020\/05\/2-polic\u00edas-\u00edconos_8mayo.png\"><img loading=\"lazy\" decoding=\"async\" class=\"alignleft size-thumbnail wp-image-1715\" src=\"https:\/\/worldjusticeproject.mx\/wp-content\/uploads\/2020\/05\/2-polic\u00edas-\u00edconos_8mayo-170x365.png\" alt=\"\" width=\"170\" height=\"365\" srcset=\"https:\/\/worldjusticeproject.mx\/wp-content\/uploads\/2020\/05\/2-polic\u00edas-\u00edconos_8mayo-170x365.png 170w, https:\/\/worldjusticeproject.mx\/wp-content\/uploads\/2020\/05\/2-polic\u00edas-\u00edconos_8mayo-470x1009.png 470w, https:\/\/worldjusticeproject.mx\/wp-content\/uploads\/2020\/05\/2-polic\u00edas-\u00edconos_8mayo-970x2082.png 970w, https:\/\/worldjusticeproject.mx\/wp-content\/uploads\/2020\/05\/2-polic\u00edas-\u00edconos_8mayo-768x1649.png 768w, https:\/\/worldjusticeproject.mx\/wp-content\/uploads\/2020\/05\/2-polic\u00edas-\u00edconos_8mayo-715x1536.png 715w, https:\/\/worldjusticeproject.mx\/wp-content\/uploads\/2020\/05\/2-polic\u00edas-\u00edconos_8mayo-954x2048.png 954w, https:\/\/worldjusticeproject.mx\/wp-content\/uploads\/2020\/05\/2-polic\u00edas-\u00edconos_8mayo.png 1478w\" sizes=\"(max-width: 170px) 100vw, 170px\" \/><\/a>3. El paso que sigue<\/b>\u00a0<\/h5><p>Una vez que la Iniciativa se presente, resulta vital insistir en un proceso legislativo que tome en cuenta a operadores, operadoras y personas expertas de todo el pa\u00eds. Todas las fuerzas pol\u00edticas deben dimensionar y hacerse cargo de la tarea que se ha postergado y, como resultado, del reto que tenemos enfrente. Regresarle la tranquilidad a las mujeres que viven con miedo, recuperar la paz en las comunidades, restaurar la gobernabilidad, pasa por algo mucho m\u00e1s grande y profundo que crear fiscal\u00edas especializadas \u2013desvinculadas por completo de los fen\u00f3menos delictivos\u2013 que operan bajo las mismas reglas que obstaculizan la investigaci\u00f3n policial. Esta reforma policial por la que aqu\u00ed abogamos, con todas sus aristas y componentes, merece una reflexi\u00f3n seria y profunda. La soluci\u00f3n a nuestro problema de impunidad no es f\u00e1cil, pero empieza con una idea muy simple: <b>para recuperar la paz necesitamos a la polic\u00eda.<\/b><\/p>\t\t\t\t\t\t\t\t<\/div>\n\t\t\t\t<\/div>\n\t\t\t\t<div class=\"elementor-element elementor-element-d122e83 elementor-align-center elementor-widget elementor-widget-button\" data-id=\"d122e83\" data-element_type=\"widget\" data-widget_type=\"button.default\">\n\t\t\t\t<div class=\"elementor-widget-container\">\n\t\t\t\t\t\t\t\t\t<div class=\"elementor-button-wrapper\">\n\t\t\t\t\t<a class=\"elementor-button elementor-button-link elementor-size-sm\" href=\"http:\/\/eepurl.com\/dybhUT\" target=\"_blank\">\n\t\t\t\t\t\t<span class=\"elementor-button-content-wrapper\">\n\t\t\t\t\t\t<span class=\"elementor-button-icon\">\n\t\t\t\t<i aria-hidden=\"true\" class=\"fab fa-mailchimp\"><\/i>\t\t\t<\/span>\n\t\t\t\t\t\t\t\t\t<span class=\"elementor-button-text\">\u00a1Suscr\u00edbete!<\/span>\n\t\t\t\t\t<\/span>\n\t\t\t\t\t<\/a>\n\t\t\t\t<\/div>\n\t\t\t\t\t\t\t\t<\/div>\n\t\t\t\t<\/div>\n\t\t\t\t<div class=\"elementor-element elementor-element-f271727 elementor-widget elementor-widget-text-editor\" data-id=\"f271727\" data-element_type=\"widget\" data-widget_type=\"text-editor.default\">\n\t\t\t\t<div class=\"elementor-widget-container\">\n\t\t\t\t\t\t\t\t\t<p style=\"text-align: center;\"><span style=\"font-size: 10pt;\">\u00a1No te pierdas nuestros an\u00e1lisis! Suscr\u00edbete a nuestro bolet\u00edn mensual.<\/span><\/p>\t\t\t\t\t\t\t\t<\/div>\n\t\t\t\t<\/div>\n\t\t\t\t<div class=\"elementor-element elementor-element-193cd08 elementor-align-center elementor-widget elementor-widget-button\" data-id=\"193cd08\" data-element_type=\"widget\" data-widget_type=\"button.default\">\n\t\t\t\t<div class=\"elementor-widget-container\">\n\t\t\t\t\t\t\t\t\t<div class=\"elementor-button-wrapper\">\n\t\t\t\t\t<a class=\"elementor-button elementor-button-link elementor-size-sm\" href=\"https:\/\/worldjusticeproject.mx\/en\/jad_001\/\" target=\"_blank\">\n\t\t\t\t\t\t<span class=\"elementor-button-content-wrapper\">\n\t\t\t\t\t\t<span class=\"elementor-button-icon\">\n\t\t\t\t<i aria-hidden=\"true\" class=\"far fa-arrow-alt-circle-down\"><\/i>\t\t\t<\/span>\n\t\t\t\t\t\t\t\t\t<span class=\"elementor-button-text\">Descarga el an\u00e1lisis completo<\/span>\n\t\t\t\t\t<\/span>\n\t\t\t\t\t<\/a>\n\t\t\t\t<\/div>\n\t\t\t\t\t\t\t\t<\/div>\n\t\t\t\t<\/div>\n\t\t\t\t\t<\/div>\n\t\t<\/div>\n\t\t\t\t\t<\/div>\n\t\t<\/section>\n\t\t\t\t<\/div>","protected":false},"excerpt":{"rendered":"<p>Por:&nbsp;Marien Rivera&nbsp;y&nbsp;Lilian Chapa Koloffon Cuentan que estos d\u00edas la instrucci\u00f3n es no hacer cambio alguno, no tocar la Constituci\u00f3n salvo para los temas en la agenda del Presidente. Dejar las leyes como est\u00e1n. Esa postura ha encontrado eco en algunos sectores de la academia y la sociedad civil; respecto a nuestro sistema de seguridad y [&hellip;]<\/p>\n","protected":false},"author":1,"featured_media":1718,"comment_status":"closed","ping_status":"closed","sticky":false,"template":"","format":"standard","meta":{"footnotes":""},"categories":[178,201,191],"tags":[204],"class_list":["post-1693","post","type-post","status-publish","format-standard","has-post-thumbnail","hentry","category-investigacion","category-justicia-a-debate","category-reforma-policial","tag-justicia-a-debate"],"yoast_head":"<!-- This site is optimized with the Yoast SEO plugin v25.2 - https:\/\/yoast.com\/wordpress\/plugins\/seo\/ -->\n<title>No habr\u00e1 paz sin la polic\u00eda - World Justice Project (M\u00e9xico)<\/title>\n<meta name=\"robots\" content=\"index, follow, max-snippet:-1, max-image-preview:large, max-video-preview:-1\" \/>\n<link rel=\"canonical\" href=\"https:\/\/worldjusticeproject.mx\/en\/no-habra-paz-sin-la-policia\/\" \/>\n<meta property=\"og:locale\" content=\"en_US\" \/>\n<meta property=\"og:type\" content=\"article\" \/>\n<meta property=\"og:title\" content=\"No habr\u00e1 paz sin la polic\u00eda - World Justice Project (M\u00e9xico)\" \/>\n<meta property=\"og:description\" content=\"Por:&nbsp;Marien Rivera&nbsp;y&nbsp;Lilian Chapa Koloffon Cuentan que estos d\u00edas la instrucci\u00f3n es no hacer cambio alguno, no tocar la Constituci\u00f3n salvo para los temas en la agenda del Presidente. Dejar las leyes como est\u00e1n. Esa postura ha encontrado eco en algunos sectores de la academia y la sociedad civil; respecto a nuestro sistema de seguridad y [&hellip;]\" \/>\n<meta property=\"og:url\" content=\"https:\/\/worldjusticeproject.mx\/en\/no-habra-paz-sin-la-policia\/\" \/>\n<meta property=\"og:site_name\" content=\"World Justice Project (M\u00e9xico)\" \/>\n<meta property=\"article:author\" content=\"http:\/\/facebook.com\/thewjp\" \/>\n<meta property=\"article:published_time\" content=\"2020-05-18T18:16:39+00:00\" \/>\n<meta property=\"article:modified_time\" content=\"2022-10-24T16:15:26+00:00\" \/>\n<meta property=\"og:image\" content=\"https:\/\/worldjusticeproject.mx\/wp-content\/uploads\/2020\/05\/JAD_web2.jpg\" \/>\n\t<meta property=\"og:image:width\" content=\"1140\" \/>\n\t<meta property=\"og:image:height\" content=\"360\" \/>\n\t<meta property=\"og:image:type\" content=\"image\/jpeg\" \/>\n<meta name=\"author\" content=\"World Justice Project (M\u00e9xico)\" \/>\n<meta name=\"twitter:card\" content=\"summary_large_image\" \/>\n<meta name=\"twitter:creator\" content=\"@http:\/\/twitter.com\/thewjp_mx\" \/>\n<meta name=\"twitter:label1\" content=\"Written by\" \/>\n\t<meta name=\"twitter:data1\" content=\"World Justice Project (M\u00e9xico)\" \/>\n\t<meta name=\"twitter:label2\" content=\"Est. reading time\" \/>\n\t<meta name=\"twitter:data2\" content=\"12 minutes\" \/>\n<script type=\"application\/ld+json\" class=\"yoast-schema-graph\">{\"@context\":\"https:\/\/schema.org\",\"@graph\":[{\"@type\":\"WebPage\",\"@id\":\"https:\/\/worldjusticeproject.mx\/no-habra-paz-sin-la-policia\/\",\"url\":\"https:\/\/worldjusticeproject.mx\/no-habra-paz-sin-la-policia\/\",\"name\":\"No habr\u00e1 paz sin la polic\u00eda - World Justice Project (M\u00e9xico)\",\"isPartOf\":{\"@id\":\"https:\/\/worldjusticeproject.mx\/#website\"},\"primaryImageOfPage\":{\"@id\":\"https:\/\/worldjusticeproject.mx\/no-habra-paz-sin-la-policia\/#primaryimage\"},\"image\":{\"@id\":\"https:\/\/worldjusticeproject.mx\/no-habra-paz-sin-la-policia\/#primaryimage\"},\"thumbnailUrl\":\"https:\/\/worldjusticeproject.mx\/wp-content\/uploads\/2020\/05\/JAD_web2.jpg\",\"datePublished\":\"2020-05-18T18:16:39+00:00\",\"dateModified\":\"2022-10-24T16:15:26+00:00\",\"author\":{\"@id\":\"https:\/\/worldjusticeproject.mx\/#\/schema\/person\/323447af3899727b462c151a9d1b0177\"},\"breadcrumb\":{\"@id\":\"https:\/\/worldjusticeproject.mx\/no-habra-paz-sin-la-policia\/#breadcrumb\"},\"inLanguage\":\"en-US\",\"potentialAction\":[{\"@type\":\"ReadAction\",\"target\":[\"https:\/\/worldjusticeproject.mx\/no-habra-paz-sin-la-policia\/\"]}]},{\"@type\":\"ImageObject\",\"inLanguage\":\"en-US\",\"@id\":\"https:\/\/worldjusticeproject.mx\/no-habra-paz-sin-la-policia\/#primaryimage\",\"url\":\"https:\/\/worldjusticeproject.mx\/wp-content\/uploads\/2020\/05\/JAD_web2.jpg\",\"contentUrl\":\"https:\/\/worldjusticeproject.mx\/wp-content\/uploads\/2020\/05\/JAD_web2.jpg\",\"width\":1140,\"height\":360},{\"@type\":\"BreadcrumbList\",\"@id\":\"https:\/\/worldjusticeproject.mx\/no-habra-paz-sin-la-policia\/#breadcrumb\",\"itemListElement\":[{\"@type\":\"ListItem\",\"position\":1,\"name\":\"Home\",\"item\":\"https:\/\/worldjusticeproject.mx\/\"},{\"@type\":\"ListItem\",\"position\":2,\"name\":\"No habr\u00e1 paz sin la polic\u00eda\"}]},{\"@type\":\"WebSite\",\"@id\":\"https:\/\/worldjusticeproject.mx\/#website\",\"url\":\"https:\/\/worldjusticeproject.mx\/\",\"name\":\"World Justice Project (M\u00e9xico)\",\"description\":\"Sitio web de la oficina en M\u00e9xico de la organizaci\u00f3n basada en Washington DC, Estados Unidos\",\"potentialAction\":[{\"@type\":\"SearchAction\",\"target\":{\"@type\":\"EntryPoint\",\"urlTemplate\":\"https:\/\/worldjusticeproject.mx\/?s={search_term_string}\"},\"query-input\":{\"@type\":\"PropertyValueSpecification\",\"valueRequired\":true,\"valueName\":\"search_term_string\"}}],\"inLanguage\":\"en-US\"},{\"@type\":\"Person\",\"@id\":\"https:\/\/worldjusticeproject.mx\/#\/schema\/person\/323447af3899727b462c151a9d1b0177\",\"name\":\"World Justice Project (M\u00e9xico)\",\"image\":{\"@type\":\"ImageObject\",\"inLanguage\":\"en-US\",\"@id\":\"https:\/\/worldjusticeproject.mx\/#\/schema\/person\/image\/\",\"url\":\"https:\/\/secure.gravatar.com\/avatar\/6531cff9e750e0a8f2e11dce1356c7675b1506f572d4663cd12ca5d739dc663f?s=96&d=wp_user_avatar&r=g\",\"contentUrl\":\"https:\/\/secure.gravatar.com\/avatar\/6531cff9e750e0a8f2e11dce1356c7675b1506f572d4663cd12ca5d739dc663f?s=96&d=wp_user_avatar&r=g\",\"caption\":\"World Justice Project (M\u00e9xico)\"},\"description\":\"Staff Editorial de World Justice Project M\u00e9xico\",\"sameAs\":[\"http:\/\/worldjusticeproject.mx\",\"http:\/\/facebook.com\/thewjp\",\"https:\/\/x.com\/http:\/\/twitter.com\/thewjp_mx\"],\"url\":\"https:\/\/worldjusticeproject.mx\/en\/author\/newemage\/\"}]}<\/script>\n<!-- \/ Yoast SEO plugin. -->","yoast_head_json":{"title":"No habr\u00e1 paz sin la polic\u00eda - World Justice Project (M\u00e9xico)","robots":{"index":"index","follow":"follow","max-snippet":"max-snippet:-1","max-image-preview":"max-image-preview:large","max-video-preview":"max-video-preview:-1"},"canonical":"https:\/\/worldjusticeproject.mx\/en\/no-habra-paz-sin-la-policia\/","og_locale":"en_US","og_type":"article","og_title":"No habr\u00e1 paz sin la polic\u00eda - World Justice Project (M\u00e9xico)","og_description":"Por:&nbsp;Marien Rivera&nbsp;y&nbsp;Lilian Chapa Koloffon Cuentan que estos d\u00edas la instrucci\u00f3n es no hacer cambio alguno, no tocar la Constituci\u00f3n salvo para los temas en la agenda del Presidente. Dejar las leyes como est\u00e1n. Esa postura ha encontrado eco en algunos sectores de la academia y la sociedad civil; respecto a nuestro sistema de seguridad y [&hellip;]","og_url":"https:\/\/worldjusticeproject.mx\/en\/no-habra-paz-sin-la-policia\/","og_site_name":"World Justice Project (M\u00e9xico)","article_author":"http:\/\/facebook.com\/thewjp","article_published_time":"2020-05-18T18:16:39+00:00","article_modified_time":"2022-10-24T16:15:26+00:00","og_image":[{"width":1140,"height":360,"url":"https:\/\/worldjusticeproject.mx\/wp-content\/uploads\/2020\/05\/JAD_web2.jpg","type":"image\/jpeg"}],"author":"World Justice Project (M\u00e9xico)","twitter_card":"summary_large_image","twitter_creator":"@http:\/\/twitter.com\/thewjp_mx","twitter_misc":{"Written by":"World Justice Project (M\u00e9xico)","Est. reading time":"12 minutes"},"schema":{"@context":"https:\/\/schema.org","@graph":[{"@type":"WebPage","@id":"https:\/\/worldjusticeproject.mx\/no-habra-paz-sin-la-policia\/","url":"https:\/\/worldjusticeproject.mx\/no-habra-paz-sin-la-policia\/","name":"No habr\u00e1 paz sin la polic\u00eda - World Justice Project (M\u00e9xico)","isPartOf":{"@id":"https:\/\/worldjusticeproject.mx\/#website"},"primaryImageOfPage":{"@id":"https:\/\/worldjusticeproject.mx\/no-habra-paz-sin-la-policia\/#primaryimage"},"image":{"@id":"https:\/\/worldjusticeproject.mx\/no-habra-paz-sin-la-policia\/#primaryimage"},"thumbnailUrl":"https:\/\/worldjusticeproject.mx\/wp-content\/uploads\/2020\/05\/JAD_web2.jpg","datePublished":"2020-05-18T18:16:39+00:00","dateModified":"2022-10-24T16:15:26+00:00","author":{"@id":"https:\/\/worldjusticeproject.mx\/#\/schema\/person\/323447af3899727b462c151a9d1b0177"},"breadcrumb":{"@id":"https:\/\/worldjusticeproject.mx\/no-habra-paz-sin-la-policia\/#breadcrumb"},"inLanguage":"en-US","potentialAction":[{"@type":"ReadAction","target":["https:\/\/worldjusticeproject.mx\/no-habra-paz-sin-la-policia\/"]}]},{"@type":"ImageObject","inLanguage":"en-US","@id":"https:\/\/worldjusticeproject.mx\/no-habra-paz-sin-la-policia\/#primaryimage","url":"https:\/\/worldjusticeproject.mx\/wp-content\/uploads\/2020\/05\/JAD_web2.jpg","contentUrl":"https:\/\/worldjusticeproject.mx\/wp-content\/uploads\/2020\/05\/JAD_web2.jpg","width":1140,"height":360},{"@type":"BreadcrumbList","@id":"https:\/\/worldjusticeproject.mx\/no-habra-paz-sin-la-policia\/#breadcrumb","itemListElement":[{"@type":"ListItem","position":1,"name":"Home","item":"https:\/\/worldjusticeproject.mx\/"},{"@type":"ListItem","position":2,"name":"No habr\u00e1 paz sin la polic\u00eda"}]},{"@type":"WebSite","@id":"https:\/\/worldjusticeproject.mx\/#website","url":"https:\/\/worldjusticeproject.mx\/","name":"World Justice Project (M\u00e9xico)","description":"Sitio web de la oficina en M\u00e9xico de la organizaci\u00f3n basada en Washington DC, Estados Unidos","potentialAction":[{"@type":"SearchAction","target":{"@type":"EntryPoint","urlTemplate":"https:\/\/worldjusticeproject.mx\/?s={search_term_string}"},"query-input":{"@type":"PropertyValueSpecification","valueRequired":true,"valueName":"search_term_string"}}],"inLanguage":"en-US"},{"@type":"Person","@id":"https:\/\/worldjusticeproject.mx\/#\/schema\/person\/323447af3899727b462c151a9d1b0177","name":"World Justice Project (M\u00e9xico)","image":{"@type":"ImageObject","inLanguage":"en-US","@id":"https:\/\/worldjusticeproject.mx\/#\/schema\/person\/image\/","url":"https:\/\/secure.gravatar.com\/avatar\/6531cff9e750e0a8f2e11dce1356c7675b1506f572d4663cd12ca5d739dc663f?s=96&d=wp_user_avatar&r=g","contentUrl":"https:\/\/secure.gravatar.com\/avatar\/6531cff9e750e0a8f2e11dce1356c7675b1506f572d4663cd12ca5d739dc663f?s=96&d=wp_user_avatar&r=g","caption":"World Justice Project (M\u00e9xico)"},"description":"Staff Editorial de World Justice Project M\u00e9xico","sameAs":["http:\/\/worldjusticeproject.mx","http:\/\/facebook.com\/thewjp","https:\/\/x.com\/http:\/\/twitter.com\/thewjp_mx"],"url":"https:\/\/worldjusticeproject.mx\/en\/author\/newemage\/"}]}},"_links":{"self":[{"href":"https:\/\/worldjusticeproject.mx\/en\/wp-json\/wp\/v2\/posts\/1693","targetHints":{"allow":["GET"]}}],"collection":[{"href":"https:\/\/worldjusticeproject.mx\/en\/wp-json\/wp\/v2\/posts"}],"about":[{"href":"https:\/\/worldjusticeproject.mx\/en\/wp-json\/wp\/v2\/types\/post"}],"author":[{"embeddable":true,"href":"https:\/\/worldjusticeproject.mx\/en\/wp-json\/wp\/v2\/users\/1"}],"replies":[{"embeddable":true,"href":"https:\/\/worldjusticeproject.mx\/en\/wp-json\/wp\/v2\/comments?post=1693"}],"version-history":[{"count":5,"href":"https:\/\/worldjusticeproject.mx\/en\/wp-json\/wp\/v2\/posts\/1693\/revisions"}],"predecessor-version":[{"id":3401,"href":"https:\/\/worldjusticeproject.mx\/en\/wp-json\/wp\/v2\/posts\/1693\/revisions\/3401"}],"wp:featuredmedia":[{"embeddable":true,"href":"https:\/\/worldjusticeproject.mx\/en\/wp-json\/wp\/v2\/media\/1718"}],"wp:attachment":[{"href":"https:\/\/worldjusticeproject.mx\/en\/wp-json\/wp\/v2\/media?parent=1693"}],"wp:term":[{"taxonomy":"category","embeddable":true,"href":"https:\/\/worldjusticeproject.mx\/en\/wp-json\/wp\/v2\/categories?post=1693"},{"taxonomy":"post_tag","embeddable":true,"href":"https:\/\/worldjusticeproject.mx\/en\/wp-json\/wp\/v2\/tags?post=1693"}],"curies":[{"name":"wp","href":"https:\/\/api.w.org\/{rel}","templated":true}]}}