{"id":2008,"date":"2020-11-13T14:14:59","date_gmt":"2020-11-13T20:14:59","guid":{"rendered":"https:\/\/worldjusticeproject.mx\/?p=2008"},"modified":"2022-10-11T11:56:13","modified_gmt":"2022-10-11T16:56:13","slug":"resultados-de-la-encuesta-de-acceso-a-la-salud-y-estado-de-derecho-en-el-marco-del-covid-19","status":"publish","type":"post","link":"https:\/\/worldjusticeproject.mx\/en\/resultados-de-la-encuesta-de-acceso-a-la-salud-y-estado-de-derecho-en-el-marco-del-covid-19\/","title":{"rendered":"Resultados de la Encuesta de Acceso a la Salud y Estado de Derecho en el marco del COVID-19"},"content":{"rendered":"<div data-elementor-type=\"wp-post\" data-elementor-id=\"2008\" class=\"elementor elementor-2008\" data-elementor-post-type=\"post\">\n\t\t\t\t\t\t<section class=\"elementor-section elementor-top-section elementor-element elementor-element-47711ab elementor-section-boxed elementor-section-height-default elementor-section-height-default\" data-id=\"47711ab\" data-element_type=\"section\">\n\t\t\t\t\t\t<div class=\"elementor-container elementor-column-gap-default\">\n\t\t\t\t\t<div class=\"elementor-column elementor-col-100 elementor-top-column elementor-element elementor-element-948066b\" data-id=\"948066b\" data-element_type=\"column\">\n\t\t\t<div class=\"elementor-widget-wrap elementor-element-populated\">\n\t\t\t\t\t\t<div class=\"elementor-element elementor-element-f5cf504 elementor-widget elementor-widget-text-editor\" data-id=\"f5cf504\" data-element_type=\"widget\" data-widget_type=\"text-editor.default\">\n\t\t\t\t<div class=\"elementor-widget-container\">\n\t\t\t\t\t\t\t\t\t<p><span style=\"font-size: 10pt;\">Por: World Justice Project<\/span><\/p><ul><li>Los tres impactos m\u00e1s frecuentes como resultado de la pandemia de COVID-19 incluyen problemas financieros, enfermedades derivadas del estr\u00e9s y necesidad de buscar otro trabajo.<\/li><\/ul><ul><li>48.3% de las personas con un trabajo remunerado antes de la contingencia vieron afectado su ingreso.<\/li><\/ul><ul><li>La crisis sanitaria ha tenido efectos desiguales en la poblaci\u00f3n, afectando en mayor medida a los grupos en situaci\u00f3n de vulnerabilidad.<\/li><\/ul><ul><li>66.2% de las personas encuestadas percibe que el sistema de salud de su estado no garantiza la salud de todas las personas<\/li><\/ul>\t\t\t\t\t\t\t\t<\/div>\n\t\t\t\t<\/div>\n\t\t\t\t\t<\/div>\n\t\t<\/div>\n\t\t\t\t\t<\/div>\n\t\t<\/section>\n\t\t\t\t<section class=\"elementor-section elementor-top-section elementor-element elementor-element-9ba779f elementor-section-boxed elementor-section-height-default elementor-section-height-default\" data-id=\"9ba779f\" data-element_type=\"section\">\n\t\t\t\t\t\t<div class=\"elementor-container elementor-column-gap-default\">\n\t\t\t\t\t<div class=\"elementor-column elementor-col-100 elementor-top-column elementor-element elementor-element-ce0e614\" data-id=\"ce0e614\" data-element_type=\"column\">\n\t\t\t<div class=\"elementor-widget-wrap elementor-element-populated\">\n\t\t\t\t\t\t<div class=\"elementor-element elementor-element-1134aa8 elementor-widget elementor-widget-text-editor\" data-id=\"1134aa8\" data-element_type=\"widget\" data-widget_type=\"text-editor.default\">\n\t\t\t\t<div class=\"elementor-widget-container\">\n\t\t\t\t\t\t\t\t\t<p>La pandemia de COVID-19 y los cambios en la din\u00e1mica social derivados han tenido impactos significativos en la vida de las personas, los cuales van m\u00e1s all\u00e1 de las consecuencias directas del contagio, e incluyen desaf\u00edos econ\u00f3micos, sociales y emocionales.<\/p><p>Esta crisis de salud p\u00fablica se suma a los retos existentes en materia de Estado de Derecho en M\u00e9xico, que adem\u00e1s de desaf\u00edos en temas de seguridad, corrupci\u00f3n, y justicia<sup>1<\/sup>, tambi\u00e9n incluyen barreras de acceso al sistema de salud p\u00fablico, como bajos niveles de confianza (seg\u00fan la Encuesta Nacional de Calidad e Impacto Gubernamental 2019, 33.9% de la poblaci\u00f3n desconf\u00eda de los hospitales p\u00fablicos<sup>2<\/sup>), adem\u00e1s de retos en materia de cobertura, y trato justo, imparcial y oportuno en las cl\u00ednicas. Estos retos se han exacerbado en un contexto de emergencia sanitaria, y han tenido consecuencias asim\u00e9tricas y regresivas, que afectan en mayor proporci\u00f3n a segmentos de la poblaci\u00f3n en situaci\u00f3n de mayor vulnerabilidad.\u00a0<\/p><p>Un Estado de Derecho robusto contribuye a la erradicaci\u00f3n de las causas estructurales de pr\u00e1cticas discriminatorias, desiguales y precarias, desde la institucionalidad p\u00fablica a las personas (incluido el sistema p\u00fablico de salud), y fortalece la confianza de la poblaci\u00f3n en estas instituciones, condiciones indispensables para resolver una crisis de salud p\u00fablica como la pandemia de COVID-19. Por ello, adem\u00e1s de acciones en materia de salud p\u00fablica, la pandemia requiere de soluciones de gobernanza y del fortalecimiento del Estado de Derecho. Con esto en mente, en el World Justice Project (WJP), se dise\u00f1\u00f3 una encuesta telef\u00f3nica, la cual fue aplicada a una muestra representativa de 2,352 personas a nivel nacional, para escuchar su opini\u00f3n y conocer su experiencia durante la contingencia sanitaria<sup>3<\/sup>.<\/p>\t\t\t\t\t\t\t\t<\/div>\n\t\t\t\t<\/div>\n\t\t\t\t\t<\/div>\n\t\t<\/div>\n\t\t\t\t\t<\/div>\n\t\t<\/section>\n\t\t\t\t<section class=\"elementor-section elementor-top-section elementor-element elementor-element-66d73e9 elementor-section-boxed elementor-section-height-default elementor-section-height-default\" data-id=\"66d73e9\" data-element_type=\"section\">\n\t\t\t\t\t\t<div class=\"elementor-container elementor-column-gap-default\">\n\t\t\t\t\t<div class=\"elementor-column elementor-col-100 elementor-top-column elementor-element elementor-element-65372d6\" data-id=\"65372d6\" data-element_type=\"column\">\n\t\t\t<div class=\"elementor-widget-wrap elementor-element-populated\">\n\t\t\t\t\t\t<div class=\"elementor-element elementor-element-475be48 elementor-widget elementor-widget-text-editor\" data-id=\"475be48\" data-element_type=\"widget\" data-widget_type=\"text-editor.default\">\n\t\t\t\t<div class=\"elementor-widget-container\">\n\t\t\t\t\t\t\t\t\t<h5><strong>Hallazgos principales de la Encuesta de Acceso a la Salud y Estado de Derecho\u00a0<\/strong><\/h5>\t\t\t\t\t\t\t\t<\/div>\n\t\t\t\t<\/div>\n\t\t\t\t\t<\/div>\n\t\t<\/div>\n\t\t\t\t\t<\/div>\n\t\t<\/section>\n\t\t\t\t<section class=\"elementor-section elementor-top-section elementor-element elementor-element-78fc30b elementor-section-boxed elementor-section-height-default elementor-section-height-default\" data-id=\"78fc30b\" data-element_type=\"section\">\n\t\t\t\t\t\t<div class=\"elementor-container elementor-column-gap-default\">\n\t\t\t\t\t<div class=\"elementor-column elementor-col-100 elementor-top-column elementor-element elementor-element-8e81ef6\" data-id=\"8e81ef6\" data-element_type=\"column\">\n\t\t\t<div class=\"elementor-widget-wrap elementor-element-populated\">\n\t\t\t\t\t\t<div class=\"elementor-element elementor-element-52d6a74 elementor-widget elementor-widget-text-editor\" data-id=\"52d6a74\" data-element_type=\"widget\" data-widget_type=\"text-editor.default\">\n\t\t\t\t<div class=\"elementor-widget-container\">\n\t\t\t\t\t\t\t\t\t<p>Las personas que respondieron la Encuesta de Acceso a la Salud y Estado de Derecho en el marco del COVID-19, mencionaron que los impactos m\u00e1s frecuentes como resultado de las medidas implementadas para hacer frente a la pandemia incluyen problemas financieros o p\u00e9rdida de ingreso (52.4%), alguna enfermedad derivada del estr\u00e9s (27.0%), necesidad de buscar otro trabajo (26.7%), falta de alimentos suficientes en su hogar (13.7%), dejar la escuela por no poder tomar clases a distancia (11.7%), y la ruptura de alguna relaci\u00f3n (10.4%).<\/p>\t\t\t\t\t\t\t\t<\/div>\n\t\t\t\t<\/div>\n\t\t\t\t\t<\/div>\n\t\t<\/div>\n\t\t\t\t\t<\/div>\n\t\t<\/section>\n\t\t\t\t<section class=\"elementor-section elementor-top-section elementor-element elementor-element-ad0510e elementor-section-boxed elementor-section-height-default elementor-section-height-default\" data-id=\"ad0510e\" data-element_type=\"section\">\n\t\t\t\t\t\t<div class=\"elementor-container elementor-column-gap-default\">\n\t\t\t\t\t<div class=\"elementor-column elementor-col-100 elementor-top-column elementor-element elementor-element-5559c55\" data-id=\"5559c55\" data-element_type=\"column\">\n\t\t\t<div class=\"elementor-widget-wrap elementor-element-populated\">\n\t\t\t\t\t\t<div class=\"elementor-element elementor-element-186149c elementor-widget elementor-widget-image\" data-id=\"186149c\" data-element_type=\"widget\" data-widget_type=\"image.default\">\n\t\t\t\t<div class=\"elementor-widget-container\">\n\t\t\t\t\t\t\t\t\t\t\t\t\t\t\t<img fetchpriority=\"high\" decoding=\"async\" width=\"800\" height=\"450\" src=\"https:\/\/worldjusticeproject.mx\/wp-content\/uploads\/2020\/11\/Graficos-arti\u0301culo.001.jpeg\" class=\"attachment-large size-large wp-image-2016\" alt=\"\" srcset=\"https:\/\/worldjusticeproject.mx\/wp-content\/uploads\/2020\/11\/Graficos-arti\u0301culo.001.jpeg 960w, https:\/\/worldjusticeproject.mx\/wp-content\/uploads\/2020\/11\/Graficos-arti\u0301culo.001-470x264.jpeg 470w, https:\/\/worldjusticeproject.mx\/wp-content\/uploads\/2020\/11\/Graficos-arti\u0301culo.001-170x96.jpeg 170w, https:\/\/worldjusticeproject.mx\/wp-content\/uploads\/2020\/11\/Graficos-arti\u0301culo.001-768x432.jpeg 768w\" sizes=\"(max-width: 800px) 100vw, 800px\" \/>\t\t\t\t\t\t\t\t\t\t\t\t\t\t\t<\/div>\n\t\t\t\t<\/div>\n\t\t\t\t\t<\/div>\n\t\t<\/div>\n\t\t\t\t\t<\/div>\n\t\t<\/section>\n\t\t\t\t<section class=\"elementor-section elementor-top-section elementor-element elementor-element-8abaad8 elementor-section-boxed elementor-section-height-default elementor-section-height-default\" data-id=\"8abaad8\" data-element_type=\"section\">\n\t\t\t\t\t\t<div class=\"elementor-container elementor-column-gap-default\">\n\t\t\t\t\t<div class=\"elementor-column elementor-col-100 elementor-top-column elementor-element elementor-element-2ca35f7\" data-id=\"2ca35f7\" data-element_type=\"column\">\n\t\t\t<div class=\"elementor-widget-wrap elementor-element-populated\">\n\t\t\t\t\t\t<div class=\"elementor-element elementor-element-d400c2e elementor-widget elementor-widget-text-editor\" data-id=\"d400c2e\" data-element_type=\"widget\" data-widget_type=\"text-editor.default\">\n\t\t\t\t<div class=\"elementor-widget-container\">\n\t\t\t\t\t\t\t\t\t<p><span style=\"font-size: 1rem;\">De acuerdo con la misma encuesta, 48.3% de las personas con un trabajo remunerado antes de la contingencia vieron afectado su ingreso: 25.9% sigue en el mismo empleo, pero recibe un salario parcial, 5.1% report\u00f3 tener el pago suspendido, y 16.9% perdi\u00f3 su empleo.<\/span><\/p>\t\t\t\t\t\t\t\t<\/div>\n\t\t\t\t<\/div>\n\t\t\t\t\t<\/div>\n\t\t<\/div>\n\t\t\t\t\t<\/div>\n\t\t<\/section>\n\t\t\t\t<section class=\"elementor-section elementor-top-section elementor-element elementor-element-18e017c elementor-section-boxed elementor-section-height-default elementor-section-height-default\" data-id=\"18e017c\" data-element_type=\"section\">\n\t\t\t\t\t\t<div class=\"elementor-container elementor-column-gap-default\">\n\t\t\t\t\t<div class=\"elementor-column elementor-col-100 elementor-top-column elementor-element elementor-element-d557f03\" data-id=\"d557f03\" data-element_type=\"column\">\n\t\t\t<div class=\"elementor-widget-wrap elementor-element-populated\">\n\t\t\t\t\t\t<div class=\"elementor-element elementor-element-413b4d1 elementor-widget elementor-widget-image\" data-id=\"413b4d1\" data-element_type=\"widget\" data-widget_type=\"image.default\">\n\t\t\t\t<div class=\"elementor-widget-container\">\n\t\t\t\t\t\t\t\t\t\t\t\t\t\t\t<img decoding=\"async\" width=\"960\" height=\"540\" src=\"https:\/\/worldjusticeproject.mx\/wp-content\/uploads\/2020\/11\/Graficos-arti\u0301culo.002.jpeg\" class=\"attachment-2048x2048 size-2048x2048 wp-image-2017\" alt=\"\" srcset=\"https:\/\/worldjusticeproject.mx\/wp-content\/uploads\/2020\/11\/Graficos-arti\u0301culo.002.jpeg 960w, https:\/\/worldjusticeproject.mx\/wp-content\/uploads\/2020\/11\/Graficos-arti\u0301culo.002-470x264.jpeg 470w, https:\/\/worldjusticeproject.mx\/wp-content\/uploads\/2020\/11\/Graficos-arti\u0301culo.002-170x96.jpeg 170w, https:\/\/worldjusticeproject.mx\/wp-content\/uploads\/2020\/11\/Graficos-arti\u0301culo.002-768x432.jpeg 768w\" sizes=\"(max-width: 960px) 100vw, 960px\" \/>\t\t\t\t\t\t\t\t\t\t\t\t\t\t\t<\/div>\n\t\t\t\t<\/div>\n\t\t\t\t\t<\/div>\n\t\t<\/div>\n\t\t\t\t\t<\/div>\n\t\t<\/section>\n\t\t\t\t<section class=\"elementor-section elementor-top-section elementor-element elementor-element-f97ad2d elementor-section-boxed elementor-section-height-default elementor-section-height-default\" data-id=\"f97ad2d\" data-element_type=\"section\">\n\t\t\t\t\t\t<div class=\"elementor-container elementor-column-gap-default\">\n\t\t\t\t\t<div class=\"elementor-column elementor-col-100 elementor-top-column elementor-element elementor-element-2372873\" data-id=\"2372873\" data-element_type=\"column\">\n\t\t\t<div class=\"elementor-widget-wrap elementor-element-populated\">\n\t\t\t\t\t\t<div class=\"elementor-element elementor-element-5fe4500 elementor-widget elementor-widget-text-editor\" data-id=\"5fe4500\" data-element_type=\"widget\" data-widget_type=\"text-editor.default\">\n\t\t\t\t<div class=\"elementor-widget-container\">\n\t\t\t\t\t\t\t\t\t<p>La crisis sanitaria ha tenido efectos desiguales en la poblaci\u00f3n, afectando en mayor medida a los grupos en situaci\u00f3n de vulnerabilidad. Por ejemplo, los problemas financieros han afectado en mayor medida a las personas con menor ingreso y menor nivel de escolaridad: 58.2% de las personas con menor ingreso report\u00f3 problemas econ\u00f3micos agravados por la pandemia, frente a 46.2% de las personas con un ingreso alto. En t\u00e9rminos de salud mental, 28.0% de las mujeres report\u00f3 haber sufrido alguna enfermedad derivada del estr\u00e9s durante la cuarentena, frente a 25.7% de los hombres.<\/p><p>El art\u00edculo 4\u00b0 constitucional reconoce que \u201ctoda persona tiene derecho a la protecci\u00f3n de la salud\u201d. El acceso a la salud se refiere al uso oportuno de los servicios de salud de acuerdo a las necesidades de cada persona<sup>4<\/sup>. As\u00ed, el acceso a la salud debe cumplir con cuatro caracter\u00edsticas: (i) disponibilidad, que implica suficiencia del n\u00famero de profesionales de la salud (con salarios adecuados y capacitaci\u00f3n suficiente), disponibilidad de equipo m\u00e9dico, medicinas y otros insumos, un tiempo razonable de espera, y que la poblaci\u00f3n tenga informaci\u00f3n sobre las distintas opciones de salud; (ii) accesibilidad geogr\u00e1fica; (iii) asequibilidad; y, (iv) aceptabilidad o calidad de los servicios de salud<sup>5<\/sup>.\u00a0<\/p>\t\t\t\t\t\t\t\t<\/div>\n\t\t\t\t<\/div>\n\t\t\t\t\t<\/div>\n\t\t<\/div>\n\t\t\t\t\t<\/div>\n\t\t<\/section>\n\t\t\t\t<section class=\"elementor-section elementor-top-section elementor-element elementor-element-9c1c85a elementor-section-boxed elementor-section-height-default elementor-section-height-default\" data-id=\"9c1c85a\" data-element_type=\"section\">\n\t\t\t\t\t\t<div class=\"elementor-container elementor-column-gap-default\">\n\t\t\t\t\t<div class=\"elementor-column elementor-col-100 elementor-top-column elementor-element elementor-element-ffaa447\" data-id=\"ffaa447\" data-element_type=\"column\">\n\t\t\t<div class=\"elementor-widget-wrap elementor-element-populated\">\n\t\t\t\t\t\t<div class=\"elementor-element elementor-element-f1237d2 elementor-widget elementor-widget-text-editor\" data-id=\"f1237d2\" data-element_type=\"widget\" data-widget_type=\"text-editor.default\">\n\t\t\t\t<div class=\"elementor-widget-container\">\n\t\t\t\t\t\t\t\t\t<p>De acuerdo con la Organizaci\u00f3n Panamericana de la Salud (OPS),\u00a0\u00abel acceso universal a la salud y la\u00a0cobertura universal de salud implican que todas las personas y las comunidades tengan acceso, sin\u00a0discriminaci\u00f3n alguna, a servicios integrales de salud, adecuados, oportunos, de calidad, determinados a nivel\u00a0nacional, de acuerdo con las necesidades, as\u00ed como a medicamentos de calidad, seguros, eficaces y\u00a0asequibles, a la vez que se asegura que el uso de esos servicios no expone a los usuarios a dificultades\u00a0financieras, en particular los grupos en situaci\u00f3n de vulnerabilidad.\u00bb<\/p>\t\t\t\t\t\t\t\t<\/div>\n\t\t\t\t<\/div>\n\t\t\t\t\t<\/div>\n\t\t<\/div>\n\t\t\t\t\t<\/div>\n\t\t<\/section>\n\t\t\t\t<section class=\"elementor-section elementor-top-section elementor-element elementor-element-ecd1e5c elementor-section-boxed elementor-section-height-default elementor-section-height-default\" data-id=\"ecd1e5c\" data-element_type=\"section\">\n\t\t\t\t\t\t<div class=\"elementor-container elementor-column-gap-default\">\n\t\t\t\t\t<div class=\"elementor-column elementor-col-100 elementor-top-column elementor-element elementor-element-5081749\" data-id=\"5081749\" data-element_type=\"column\">\n\t\t\t<div class=\"elementor-widget-wrap elementor-element-populated\">\n\t\t\t\t\t\t<div class=\"elementor-element elementor-element-aab0c02 elementor-widget elementor-widget-text-editor\" data-id=\"aab0c02\" data-element_type=\"widget\" data-widget_type=\"text-editor.default\">\n\t\t\t\t<div class=\"elementor-widget-container\">\n\t\t\t\t\t\t\t\t\t<p>A pesar de ser un derecho reconocido, en M\u00e9xico existen m\u00faltiples barreras de acceso a la salud. De acuerdo con la ENCIG 2019, \u00fanicamente 19.9% de la poblaci\u00f3n usuaria de servicios de salud estatales indic\u00f3 que las cl\u00ednicas y hospitales no estaban saturados, y solamente 35.9% afirm\u00f3 tener disposici\u00f3n de los medicamentos necesarios. As\u00ed, menos de la mitad de la poblaci\u00f3n usuaria de los servicios de salud estatales se sinti\u00f3 satisfecha con los servicios recibidos (47.2%)<sup>6<\/sup>.\u00a0<\/p><p>Algunas de estas barreras se han exacerbado con la pandemia. De acuerdo con la Encuesta de Acceso a la Salud y Estado de Derecho en el marco del COVID-19 del WJP, las personas han dejado de ir al m\u00e9dico (aunque lo necesitaran) por diversos motivos: por falta de citas (43.1%), por falta de tiempo (26.2%), porque el personal de salud no es amable o las ha hecho sentir discriminadas (26.1%), por no poder pagar los medicamentos y consultas, o no tener un seguro m\u00e9dico (23.4%), porque consideran que el personal de salud miente en el diagn\u00f3stico (21.0%), e incluso por considerar que el centro de salud est\u00e1 muy lejos, o porque no tienen modo de transportarse (11.8%).\u00a0<\/p>\t\t\t\t\t\t\t\t<\/div>\n\t\t\t\t<\/div>\n\t\t\t\t\t<\/div>\n\t\t<\/div>\n\t\t\t\t\t<\/div>\n\t\t<\/section>\n\t\t\t\t<section class=\"elementor-section elementor-top-section elementor-element elementor-element-6cd69d2 elementor-section-boxed elementor-section-height-default elementor-section-height-default\" data-id=\"6cd69d2\" data-element_type=\"section\">\n\t\t\t\t\t\t<div class=\"elementor-container elementor-column-gap-default\">\n\t\t\t\t\t<div class=\"elementor-column elementor-col-100 elementor-top-column elementor-element elementor-element-f7907c6\" data-id=\"f7907c6\" data-element_type=\"column\">\n\t\t\t<div class=\"elementor-widget-wrap elementor-element-populated\">\n\t\t\t\t\t\t<div class=\"elementor-element elementor-element-568f819 elementor-widget elementor-widget-image\" data-id=\"568f819\" data-element_type=\"widget\" data-widget_type=\"image.default\">\n\t\t\t\t<div class=\"elementor-widget-container\">\n\t\t\t\t\t\t\t\t\t\t\t\t\t\t\t<img decoding=\"async\" width=\"800\" height=\"450\" src=\"https:\/\/worldjusticeproject.mx\/wp-content\/uploads\/2020\/11\/Graficos-arti\u0301culo.003.jpeg\" class=\"attachment-large size-large wp-image-2018\" alt=\"\" srcset=\"https:\/\/worldjusticeproject.mx\/wp-content\/uploads\/2020\/11\/Graficos-arti\u0301culo.003.jpeg 960w, https:\/\/worldjusticeproject.mx\/wp-content\/uploads\/2020\/11\/Graficos-arti\u0301culo.003-470x264.jpeg 470w, https:\/\/worldjusticeproject.mx\/wp-content\/uploads\/2020\/11\/Graficos-arti\u0301culo.003-170x96.jpeg 170w, https:\/\/worldjusticeproject.mx\/wp-content\/uploads\/2020\/11\/Graficos-arti\u0301culo.003-768x432.jpeg 768w\" sizes=\"(max-width: 800px) 100vw, 800px\" \/>\t\t\t\t\t\t\t\t\t\t\t\t\t\t\t<\/div>\n\t\t\t\t<\/div>\n\t\t\t\t\t<\/div>\n\t\t<\/div>\n\t\t\t\t\t<\/div>\n\t\t<\/section>\n\t\t\t\t<section class=\"elementor-section elementor-top-section elementor-element elementor-element-c8b7ead elementor-section-boxed elementor-section-height-default elementor-section-height-default\" data-id=\"c8b7ead\" data-element_type=\"section\">\n\t\t\t\t\t\t<div class=\"elementor-container elementor-column-gap-default\">\n\t\t\t\t\t<div class=\"elementor-column elementor-col-100 elementor-top-column elementor-element elementor-element-a2fcaa7\" data-id=\"a2fcaa7\" data-element_type=\"column\">\n\t\t\t<div class=\"elementor-widget-wrap elementor-element-populated\">\n\t\t\t\t\t\t<div class=\"elementor-element elementor-element-32a700b elementor-widget elementor-widget-text-editor\" data-id=\"32a700b\" data-element_type=\"widget\" data-widget_type=\"text-editor.default\">\n\t\t\t\t<div class=\"elementor-widget-container\">\n\t\t\t\t\t\t\t\t\t<p>En el contexto espec\u00edfico de la pandemia, solamente 44.7% cree que los centros de salud u hospitales p\u00fablicos son confiables, frente a los m\u00e9dicos u hospitales privados, con 68.0% de confianza. La falta de confianza en los sistemas de salud tiene consecuencias, incluyendo que la gente deje de atenderse en caso de necesitarlo: 27.3% de quienes respondieron la encuesta mencionaron que es mucho o algo probable que, en caso de presentar s\u00edntomas de coronavirus, se esperar\u00edan a que pasaran los s\u00edntomas, antes de acudir a alg\u00fan centro de salud.\u00a0<\/p><p>Finalmente, la encuesta revela que en M\u00e9xico existe una percepci\u00f3n generalizada de que los sistemas de salud son discriminatorios: <strong>66.2% de las personas encuestadas percibe que el sistema de salud de su estado no garantiza la salud de todas las personas, sin importar los recursos con los que cada persona cuenta.<\/strong><\/p>\t\t\t\t\t\t\t\t<\/div>\n\t\t\t\t<\/div>\n\t\t\t\t\t<\/div>\n\t\t<\/div>\n\t\t\t\t\t<\/div>\n\t\t<\/section>\n\t\t\t\t<section class=\"elementor-section elementor-top-section elementor-element elementor-element-4a52c3b elementor-section-boxed elementor-section-height-default elementor-section-height-default\" data-id=\"4a52c3b\" data-element_type=\"section\">\n\t\t\t\t\t\t<div class=\"elementor-container elementor-column-gap-default\">\n\t\t\t\t\t<div class=\"elementor-column elementor-col-100 elementor-top-column elementor-element elementor-element-64de283\" data-id=\"64de283\" data-element_type=\"column\">\n\t\t\t<div class=\"elementor-widget-wrap elementor-element-populated\">\n\t\t\t\t\t\t<div class=\"elementor-element elementor-element-a178fb1 elementor-widget elementor-widget-text-editor\" data-id=\"a178fb1\" data-element_type=\"widget\" data-widget_type=\"text-editor.default\">\n\t\t\t\t<div class=\"elementor-widget-container\">\n\t\t\t\t\t\t\t\t\t<h4>Siguientes pasos<\/h4><p>En M\u00e9xico, algunos de los impactos m\u00e1s frecuentes de la pandemia incluyen la p\u00e9rdida de ingreso o trabajo, as\u00ed como enfermedades derivadas del estr\u00e9s. Adem\u00e1s, los impactos no han sido iguales para todos. De hecho, a nivel global se ha observado que \u201clas comunidades m\u00e1s pobres y vulnerables est\u00e1n sufriendo las peores consecuencias econ\u00f3micas y sanitarias\u201d<sup>7<\/sup>. Asimismo, la pandemia ha revelado y agravado las desigualdades \u201cde riqueza, salud, bienestar, protecci\u00f3n social y acceso a bienes y servicios\u201d, incluyendo alimentos, atenci\u00f3n m\u00e9dica, y educaci\u00f3n<sup>8<\/sup>. La pandemia tambi\u00e9n ha expuesto una desconfianza generalizada hacia los sistemas de salud estatales, as\u00ed como la prevalencia de barreras de acceso a la salud para sectores amplios de la poblaci\u00f3n en M\u00e9xico \u2013lo cual se suma al 16.2% de la poblaci\u00f3n que desde 2018 ten\u00eda carencias por acceso a la seguridad social\u2013 de acuerdo con el CONEVAL<sup>9<\/sup>.\u00a0<\/p><p>Existe una correlaci\u00f3n positiva entre el Estado de Derecho y la salud p\u00fablica<sup>10<\/sup>. Adem\u00e1s, el Estado de Derecho fortalece la confianza de la poblaci\u00f3n en las instituciones, lo cual es indispensable cuando se busca resolver una crisis de salud p\u00fablica como la pandemia de COVID-19. Por tal motivo, combatir la pandemia de COVID-19 y reducir los impactos econ\u00f3micos y sociales asociados a esta crisis de salud p\u00fablica requiere de soluciones y pol\u00edticas de salud, por supuesto, pero tambi\u00e9n de instituciones confiables y justas.<\/p><p>Descarga los tabulados de la Encuesta de Acceso a la Salud y Estado de Derecho en el marco del COVID-19 aqu\u00ed:<\/p>\t\t\t\t\t\t\t\t<\/div>\n\t\t\t\t<\/div>\n\t\t\t\t\t<\/div>\n\t\t<\/div>\n\t\t\t\t\t<\/div>\n\t\t<\/section>\n\t\t\t\t<section class=\"elementor-section elementor-top-section elementor-element elementor-element-5b5cb52 elementor-section-boxed elementor-section-height-default elementor-section-height-default\" data-id=\"5b5cb52\" data-element_type=\"section\">\n\t\t\t\t\t\t<div class=\"elementor-container elementor-column-gap-default\">\n\t\t\t\t\t<div class=\"elementor-column elementor-col-100 elementor-top-column elementor-element elementor-element-4bf5f2a\" data-id=\"4bf5f2a\" data-element_type=\"column\">\n\t\t\t<div class=\"elementor-widget-wrap elementor-element-populated\">\n\t\t\t\t\t\t<div class=\"elementor-element elementor-element-025fcc2 elementor-align-center elementor-widget elementor-widget-button\" data-id=\"025fcc2\" data-element_type=\"widget\" data-widget_type=\"button.default\">\n\t\t\t\t<div class=\"elementor-widget-container\">\n\t\t\t\t\t\t\t\t\t<div class=\"elementor-button-wrapper\">\n\t\t\t\t\t<a class=\"elementor-button elementor-button-link elementor-size-lg\" href=\"https:\/\/worldjusticeproject.mx\/en\/tab-covid_21ago2020_ap\/\" target=\"_blank\">\n\t\t\t\t\t\t<span class=\"elementor-button-content-wrapper\">\n\t\t\t\t\t\t<span class=\"elementor-button-icon\">\n\t\t\t\t<i aria-hidden=\"true\" class=\"fas fa-file-excel\"><\/i>\t\t\t<\/span>\n\t\t\t\t\t\t\t\t\t<span class=\"elementor-button-text\">Descarga<\/span>\n\t\t\t\t\t<\/span>\n\t\t\t\t\t<\/a>\n\t\t\t\t<\/div>\n\t\t\t\t\t\t\t\t<\/div>\n\t\t\t\t<\/div>\n\t\t\t\t\t<\/div>\n\t\t<\/div>\n\t\t\t\t\t<\/div>\n\t\t<\/section>\n\t\t\t\t<section class=\"elementor-section elementor-top-section elementor-element elementor-element-e3f2795 elementor-section-boxed elementor-section-height-default elementor-section-height-default\" data-id=\"e3f2795\" data-element_type=\"section\">\n\t\t\t\t\t\t<div class=\"elementor-container elementor-column-gap-default\">\n\t\t\t\t\t<div class=\"elementor-column elementor-col-100 elementor-top-column elementor-element elementor-element-21f18d8\" data-id=\"21f18d8\" data-element_type=\"column\">\n\t\t\t<div class=\"elementor-widget-wrap elementor-element-populated\">\n\t\t\t\t\t\t<div class=\"elementor-element elementor-element-cc1bb81 elementor-widget elementor-widget-text-editor\" data-id=\"cc1bb81\" data-element_type=\"widget\" data-widget_type=\"text-editor.default\">\n\t\t\t\t<div class=\"elementor-widget-container\">\n\t\t\t\t\t\t\t\t\t<p><span style=\"font-size: 10pt;\">\u00a0<span style=\"font-size: 8pt;\">1<\/span> World Justice Project (WJP), \u201c\u00cdndice de Estado de Derecho en M\u00e9xico 2019-2020: Las 32 entidades bajo la lupa ciudadana\u201d, WJP, 2020. Disponible en: <span style=\"color: #0000ff;\"><a style=\"color: #0000ff;\" href=\"https:\/\/worldjusticeproject.mx\/wp-content\/uploads\/2020\/02\/1_ReporteSpanish_MSI-2019-2020-VF2.pdf\">https:\/\/worldjusticeproject.mx\/wp-content\/uploads\/2020\/02\/1_ReporteSpanish_MSI-2019-2020-VF2.pdf<\/a>\u00a0<\/span><\/span><\/p><p><span style=\"font-size: 10pt;\"><span style=\"font-size: 8pt;\">2<\/span> INEGI, Encuesta Nacional de Calidad e Impacto Gubernamental 2019 (ENCIG). Disponible en: <span style=\"color: #0000ff;\"><a style=\"color: #0000ff;\" href=\"https:\/\/www.inegi.org.mx\/programas\/encig\/2019\/\">https:\/\/www.inegi.org.mx\/programas\/encig\/2019\/<\/a><\/span><\/span><\/p><p><span style=\"font-size: 10pt;\"><span style=\"font-size: 8pt;\">\u00a03<\/span> La \u201cEncuesta de Acceso a la Salud y Estado de Derecho en el marco del COVID-19\u201d del World Justice Project es una encuesta telef\u00f3nica representativa a nivel nacional, aplicada a 2,352 personas de 18 a\u00f1os y m\u00e1s en M\u00e9xico. Se llev\u00f3 a cabo entre el 4 de julio y el 16 de agosto de 2020, y fue administrada por SIMO Consulting.<\/span><\/p><p><span style=\"font-size: 10pt;\"><span style=\"font-size: 8pt;\">4<\/span> Bart Jacobs et al., \u201cAddressing Access barriers to health services: an analytical framework for selecting appropriate interventions in low-income Asian countries\u201d, Health Policy and Planning, 2011: 1-13. Disponible en:<span style=\"color: #0000ff;\"> <a style=\"color: #0000ff;\" href=\"https:\/\/www.who.int\/alliance-hpsr\/resources\/alliancehpsr_jacobs_ir_barriershealth2011.pdf\">https:\/\/www.who.int\/alliance-hpsr\/resources\/alliancehpsr_jacobs_ir_barriershealth2011.pdf<\/a>\u00a0<\/span><\/span><\/p><p><span style=\"font-size: 10pt;\"><span style=\"font-size: 8pt;\">\u00a05<\/span> Owen O\u2019Donnell, Access to health care in developing countries: breaking down demand side barriers, Cadernos de Saude P\u00fablica, 2007. Disponible en: <span style=\"color: #0000ff;\"><a style=\"color: #0000ff;\" href=\"https:\/\/pubmed.ncbi.nlm.nih.gov\/18157324\/\">https:\/\/pubmed.ncbi.nlm.nih.gov\/18157324\/<\/a> \u00a0<\/span><\/span><\/p><p><span style=\"font-size: 10pt;\">\u00a0<span style=\"font-size: 8pt;\">6<\/span> De acuerdo con la ENCIG 2019, el porcentaje de la poblaci\u00f3n usuaria de servicios de salud que se sinti\u00f3 satisfecha con el servicio recibido ascendi\u00f3 a 47.2% para hospitales estatales o del Seguro Popular, a 47.1% para cl\u00ednicas del ISSSTE, y a 43.8% para hospitales del IMSS.<\/span><\/p><p><span style=\"font-size: 10pt;\"><span style=\"font-size: 8pt;\">\u00a07<\/span> Commission Statement, \u201cLancet COVID-19 Commission Statement on the occasion of the 75th session of the UN General Assembly\u201d, The Lancet, 2020: 396: 1102-24, Disponible en: <span style=\"color: #0000ff;\"><a style=\"color: #0000ff;\" href=\"https:\/\/www.thelancet.com\/action\/showPdf?pii=S0140-6736%252820%252931927-9\">https:\/\/www.thelancet.com\/action\/showPdf?pii=S0140-6736%2820%2931927-9<\/a>\u00a0<\/span><\/span><\/p><p><span style=\"font-size: 10pt;\"><span style=\"font-size: 8pt;\">\u00a08<\/span> \u00cddem. \u00a0<\/span><\/p><p><span style=\"font-size: 10pt;\"><span style=\"font-size: 8pt;\">\u00a09<\/span> CONEVAL, \u201cMedici\u00f3n de la pobreza 2008-2018\u201d. Disponible en: <span style=\"color: #0000ff;\"><a style=\"color: #0000ff;\" href=\"https:\/\/www.coneval.org.mx\/Medicion\/MP\/Paginas\/Pobreza-2018.aspx\">https:\/\/www.coneval.org.mx\/Medicion\/MP\/Paginas\/Pobreza-2018.aspx<\/a>\u00a0<\/span><\/span><\/p><p><span style=\"font-size: 10pt;\"><span style=\"font-size: 8pt;\">\u00a010<\/span> World Justice Project (WJP), \u201cThe Twin Crises of Public Health and the Rule of Law\u201d, WJP, 25 de junio de 2020. Disponible en: <span style=\"color: #0000ff;\"><a style=\"color: #0000ff;\" href=\"https:\/\/worldjusticeproject.org\/news\/twin-crises-public-health-and-rule-law\">https:\/\/worldjusticeproject.org\/news\/twin-crises-public-health-and-rule-law<\/a><\/span><\/span><\/p><p style=\"margin-right: 0px; margin-bottom: 0px; margin-left: 0px; font-variant-numeric: normal; font-variant-east-asian: normal; font-stretch: normal; font-size: 10px; line-height: normal; font-family: Helvetica; color: #000000;\"><span style=\"font-kerning: none;\">\u00a0<\/span><\/p>\t\t\t\t\t\t\t\t<\/div>\n\t\t\t\t<\/div>\n\t\t\t\t\t<\/div>\n\t\t<\/div>\n\t\t\t\t\t<\/div>\n\t\t<\/section>\n\t\t\t\t<\/div>","protected":false},"excerpt":{"rendered":"<p>Por: World Justice Project Los tres impactos m\u00e1s frecuentes como resultado de la pandemia de COVID-19 incluyen problemas financieros, enfermedades derivadas del estr\u00e9s y necesidad de buscar otro trabajo. 48.3% de las personas con un trabajo remunerado antes de la contingencia vieron afectado su ingreso. La crisis sanitaria ha tenido efectos desiguales en la poblaci\u00f3n, [&hellip;]<\/p>\n","protected":false},"author":1,"featured_media":2025,"comment_status":"closed","ping_status":"closed","sticky":false,"template":"","format":"standard","meta":{"footnotes":""},"categories":[182,178,192],"tags":[203],"class_list":["post-2008","post","type-post","status-publish","format-standard","has-post-thumbnail","hentry","category-estado-de-derecho","category-investigacion","category-reporte","tag-reporte"],"yoast_head":"<!-- This site is optimized with the Yoast SEO plugin v25.2 - https:\/\/yoast.com\/wordpress\/plugins\/seo\/ -->\n<title>Resultados de la Encuesta de Acceso a la Salud y Estado de Derecho en el marco del COVID-19 - World Justice Project (M\u00e9xico)<\/title>\n<meta name=\"robots\" content=\"index, follow, max-snippet:-1, max-image-preview:large, max-video-preview:-1\" \/>\n<link rel=\"canonical\" href=\"https:\/\/worldjusticeproject.mx\/en\/resultados-de-la-encuesta-de-acceso-a-la-salud-y-estado-de-derecho-en-el-marco-del-covid-19\/\" \/>\n<meta property=\"og:locale\" content=\"en_US\" \/>\n<meta property=\"og:type\" content=\"article\" \/>\n<meta property=\"og:title\" content=\"Resultados de la Encuesta de Acceso a la Salud y Estado de Derecho en el marco del COVID-19 - World Justice Project (M\u00e9xico)\" \/>\n<meta property=\"og:description\" content=\"Por: World Justice Project Los tres impactos m\u00e1s frecuentes como resultado de la pandemia de COVID-19 incluyen problemas financieros, enfermedades derivadas del estr\u00e9s y necesidad de buscar otro trabajo. 48.3% de las personas con un trabajo remunerado antes de la contingencia vieron afectado su ingreso. La crisis sanitaria ha tenido efectos desiguales en la poblaci\u00f3n, [&hellip;]\" \/>\n<meta property=\"og:url\" content=\"https:\/\/worldjusticeproject.mx\/en\/resultados-de-la-encuesta-de-acceso-a-la-salud-y-estado-de-derecho-en-el-marco-del-covid-19\/\" \/>\n<meta property=\"og:site_name\" content=\"World Justice Project (M\u00e9xico)\" \/>\n<meta property=\"article:author\" content=\"http:\/\/facebook.com\/thewjp\" \/>\n<meta property=\"article:published_time\" content=\"2020-11-13T20:14:59+00:00\" \/>\n<meta property=\"article:modified_time\" content=\"2022-10-11T16:56:13+00:00\" \/>\n<meta property=\"og:image\" content=\"https:\/\/worldjusticeproject.mx\/wp-content\/uploads\/2020\/11\/covid-wjp-ap-2020.jpg\" \/>\n\t<meta property=\"og:image:width\" content=\"2000\" \/>\n\t<meta property=\"og:image:height\" content=\"1333\" \/>\n\t<meta property=\"og:image:type\" content=\"image\/jpeg\" \/>\n<meta name=\"author\" content=\"World Justice Project (M\u00e9xico)\" \/>\n<meta name=\"twitter:card\" content=\"summary_large_image\" \/>\n<meta name=\"twitter:creator\" content=\"@http:\/\/twitter.com\/thewjp_mx\" \/>\n<meta name=\"twitter:label1\" content=\"Written by\" \/>\n\t<meta name=\"twitter:data1\" content=\"World Justice Project (M\u00e9xico)\" \/>\n\t<meta name=\"twitter:label2\" content=\"Est. reading time\" \/>\n\t<meta name=\"twitter:data2\" content=\"9 minutes\" \/>\n<script type=\"application\/ld+json\" class=\"yoast-schema-graph\">{\"@context\":\"https:\/\/schema.org\",\"@graph\":[{\"@type\":\"WebPage\",\"@id\":\"https:\/\/worldjusticeproject.mx\/resultados-de-la-encuesta-de-acceso-a-la-salud-y-estado-de-derecho-en-el-marco-del-covid-19\/\",\"url\":\"https:\/\/worldjusticeproject.mx\/resultados-de-la-encuesta-de-acceso-a-la-salud-y-estado-de-derecho-en-el-marco-del-covid-19\/\",\"name\":\"Resultados de la Encuesta de Acceso a la Salud y Estado de Derecho en el marco del COVID-19 - World Justice Project (M\u00e9xico)\",\"isPartOf\":{\"@id\":\"https:\/\/worldjusticeproject.mx\/#website\"},\"primaryImageOfPage\":{\"@id\":\"https:\/\/worldjusticeproject.mx\/resultados-de-la-encuesta-de-acceso-a-la-salud-y-estado-de-derecho-en-el-marco-del-covid-19\/#primaryimage\"},\"image\":{\"@id\":\"https:\/\/worldjusticeproject.mx\/resultados-de-la-encuesta-de-acceso-a-la-salud-y-estado-de-derecho-en-el-marco-del-covid-19\/#primaryimage\"},\"thumbnailUrl\":\"https:\/\/worldjusticeproject.mx\/wp-content\/uploads\/2020\/11\/covid-wjp-ap-2020.jpg\",\"datePublished\":\"2020-11-13T20:14:59+00:00\",\"dateModified\":\"2022-10-11T16:56:13+00:00\",\"author\":{\"@id\":\"https:\/\/worldjusticeproject.mx\/#\/schema\/person\/40af1191c76b9e9940c352bf575d26ab\"},\"breadcrumb\":{\"@id\":\"https:\/\/worldjusticeproject.mx\/resultados-de-la-encuesta-de-acceso-a-la-salud-y-estado-de-derecho-en-el-marco-del-covid-19\/#breadcrumb\"},\"inLanguage\":\"en-US\",\"potentialAction\":[{\"@type\":\"ReadAction\",\"target\":[\"https:\/\/worldjusticeproject.mx\/resultados-de-la-encuesta-de-acceso-a-la-salud-y-estado-de-derecho-en-el-marco-del-covid-19\/\"]}]},{\"@type\":\"ImageObject\",\"inLanguage\":\"en-US\",\"@id\":\"https:\/\/worldjusticeproject.mx\/resultados-de-la-encuesta-de-acceso-a-la-salud-y-estado-de-derecho-en-el-marco-del-covid-19\/#primaryimage\",\"url\":\"https:\/\/worldjusticeproject.mx\/wp-content\/uploads\/2020\/11\/covid-wjp-ap-2020.jpg\",\"contentUrl\":\"https:\/\/worldjusticeproject.mx\/wp-content\/uploads\/2020\/11\/covid-wjp-ap-2020.jpg\",\"width\":2000,\"height\":1333},{\"@type\":\"BreadcrumbList\",\"@id\":\"https:\/\/worldjusticeproject.mx\/resultados-de-la-encuesta-de-acceso-a-la-salud-y-estado-de-derecho-en-el-marco-del-covid-19\/#breadcrumb\",\"itemListElement\":[{\"@type\":\"ListItem\",\"position\":1,\"name\":\"Home\",\"item\":\"https:\/\/worldjusticeproject.mx\/\"},{\"@type\":\"ListItem\",\"position\":2,\"name\":\"Resultados de la Encuesta de Acceso a la Salud y Estado de Derecho en el marco del COVID-19\"}]},{\"@type\":\"WebSite\",\"@id\":\"https:\/\/worldjusticeproject.mx\/#website\",\"url\":\"https:\/\/worldjusticeproject.mx\/\",\"name\":\"World Justice Project (M\u00e9xico)\",\"description\":\"Sitio web de la oficina en M\u00e9xico de la organizaci\u00f3n basada en Washington DC, Estados Unidos\",\"potentialAction\":[{\"@type\":\"SearchAction\",\"target\":{\"@type\":\"EntryPoint\",\"urlTemplate\":\"https:\/\/worldjusticeproject.mx\/?s={search_term_string}\"},\"query-input\":{\"@type\":\"PropertyValueSpecification\",\"valueRequired\":true,\"valueName\":\"search_term_string\"}}],\"inLanguage\":\"en-US\"},{\"@type\":\"Person\",\"@id\":\"https:\/\/worldjusticeproject.mx\/#\/schema\/person\/40af1191c76b9e9940c352bf575d26ab\",\"name\":\"World Justice Project (M\u00e9xico)\",\"image\":{\"@type\":\"ImageObject\",\"inLanguage\":\"en-US\",\"@id\":\"https:\/\/worldjusticeproject.mx\/#\/schema\/person\/image\/\",\"url\":\"https:\/\/secure.gravatar.com\/avatar\/6531cff9e750e0a8f2e11dce1356c7675b1506f572d4663cd12ca5d739dc663f?s=96&d=wp_user_avatar&r=g\",\"contentUrl\":\"https:\/\/secure.gravatar.com\/avatar\/6531cff9e750e0a8f2e11dce1356c7675b1506f572d4663cd12ca5d739dc663f?s=96&d=wp_user_avatar&r=g\",\"caption\":\"World Justice Project (M\u00e9xico)\"},\"description\":\"Staff Editorial de World Justice Project M\u00e9xico\",\"sameAs\":[\"http:\/\/worldjusticeproject.mx\",\"http:\/\/facebook.com\/thewjp\",\"https:\/\/x.com\/http:\/\/twitter.com\/thewjp_mx\"],\"url\":\"https:\/\/worldjusticeproject.mx\/en\/author\/newemage\/\"}]}<\/script>\n<!-- \/ Yoast SEO plugin. -->","yoast_head_json":{"title":"Resultados de la Encuesta de Acceso a la Salud y Estado de Derecho en el marco del COVID-19 - World Justice Project (M\u00e9xico)","robots":{"index":"index","follow":"follow","max-snippet":"max-snippet:-1","max-image-preview":"max-image-preview:large","max-video-preview":"max-video-preview:-1"},"canonical":"https:\/\/worldjusticeproject.mx\/en\/resultados-de-la-encuesta-de-acceso-a-la-salud-y-estado-de-derecho-en-el-marco-del-covid-19\/","og_locale":"en_US","og_type":"article","og_title":"Resultados de la Encuesta de Acceso a la Salud y Estado de Derecho en el marco del COVID-19 - World Justice Project (M\u00e9xico)","og_description":"Por: World Justice Project Los tres impactos m\u00e1s frecuentes como resultado de la pandemia de COVID-19 incluyen problemas financieros, enfermedades derivadas del estr\u00e9s y necesidad de buscar otro trabajo. 48.3% de las personas con un trabajo remunerado antes de la contingencia vieron afectado su ingreso. La crisis sanitaria ha tenido efectos desiguales en la poblaci\u00f3n, [&hellip;]","og_url":"https:\/\/worldjusticeproject.mx\/en\/resultados-de-la-encuesta-de-acceso-a-la-salud-y-estado-de-derecho-en-el-marco-del-covid-19\/","og_site_name":"World Justice Project (M\u00e9xico)","article_author":"http:\/\/facebook.com\/thewjp","article_published_time":"2020-11-13T20:14:59+00:00","article_modified_time":"2022-10-11T16:56:13+00:00","og_image":[{"width":2000,"height":1333,"url":"https:\/\/worldjusticeproject.mx\/wp-content\/uploads\/2020\/11\/covid-wjp-ap-2020.jpg","type":"image\/jpeg"}],"author":"World Justice Project (M\u00e9xico)","twitter_card":"summary_large_image","twitter_creator":"@http:\/\/twitter.com\/thewjp_mx","twitter_misc":{"Written by":"World Justice Project (M\u00e9xico)","Est. reading time":"9 minutes"},"schema":{"@context":"https:\/\/schema.org","@graph":[{"@type":"WebPage","@id":"https:\/\/worldjusticeproject.mx\/resultados-de-la-encuesta-de-acceso-a-la-salud-y-estado-de-derecho-en-el-marco-del-covid-19\/","url":"https:\/\/worldjusticeproject.mx\/resultados-de-la-encuesta-de-acceso-a-la-salud-y-estado-de-derecho-en-el-marco-del-covid-19\/","name":"Resultados de la Encuesta de Acceso a la Salud y Estado de Derecho en el marco del COVID-19 - World Justice Project (M\u00e9xico)","isPartOf":{"@id":"https:\/\/worldjusticeproject.mx\/#website"},"primaryImageOfPage":{"@id":"https:\/\/worldjusticeproject.mx\/resultados-de-la-encuesta-de-acceso-a-la-salud-y-estado-de-derecho-en-el-marco-del-covid-19\/#primaryimage"},"image":{"@id":"https:\/\/worldjusticeproject.mx\/resultados-de-la-encuesta-de-acceso-a-la-salud-y-estado-de-derecho-en-el-marco-del-covid-19\/#primaryimage"},"thumbnailUrl":"https:\/\/worldjusticeproject.mx\/wp-content\/uploads\/2020\/11\/covid-wjp-ap-2020.jpg","datePublished":"2020-11-13T20:14:59+00:00","dateModified":"2022-10-11T16:56:13+00:00","author":{"@id":"https:\/\/worldjusticeproject.mx\/#\/schema\/person\/40af1191c76b9e9940c352bf575d26ab"},"breadcrumb":{"@id":"https:\/\/worldjusticeproject.mx\/resultados-de-la-encuesta-de-acceso-a-la-salud-y-estado-de-derecho-en-el-marco-del-covid-19\/#breadcrumb"},"inLanguage":"en-US","potentialAction":[{"@type":"ReadAction","target":["https:\/\/worldjusticeproject.mx\/resultados-de-la-encuesta-de-acceso-a-la-salud-y-estado-de-derecho-en-el-marco-del-covid-19\/"]}]},{"@type":"ImageObject","inLanguage":"en-US","@id":"https:\/\/worldjusticeproject.mx\/resultados-de-la-encuesta-de-acceso-a-la-salud-y-estado-de-derecho-en-el-marco-del-covid-19\/#primaryimage","url":"https:\/\/worldjusticeproject.mx\/wp-content\/uploads\/2020\/11\/covid-wjp-ap-2020.jpg","contentUrl":"https:\/\/worldjusticeproject.mx\/wp-content\/uploads\/2020\/11\/covid-wjp-ap-2020.jpg","width":2000,"height":1333},{"@type":"BreadcrumbList","@id":"https:\/\/worldjusticeproject.mx\/resultados-de-la-encuesta-de-acceso-a-la-salud-y-estado-de-derecho-en-el-marco-del-covid-19\/#breadcrumb","itemListElement":[{"@type":"ListItem","position":1,"name":"Home","item":"https:\/\/worldjusticeproject.mx\/"},{"@type":"ListItem","position":2,"name":"Resultados de la Encuesta de Acceso a la Salud y Estado de Derecho en el marco del COVID-19"}]},{"@type":"WebSite","@id":"https:\/\/worldjusticeproject.mx\/#website","url":"https:\/\/worldjusticeproject.mx\/","name":"World Justice Project (M\u00e9xico)","description":"Sitio web de la oficina en M\u00e9xico de la organizaci\u00f3n basada en Washington DC, Estados Unidos","potentialAction":[{"@type":"SearchAction","target":{"@type":"EntryPoint","urlTemplate":"https:\/\/worldjusticeproject.mx\/?s={search_term_string}"},"query-input":{"@type":"PropertyValueSpecification","valueRequired":true,"valueName":"search_term_string"}}],"inLanguage":"en-US"},{"@type":"Person","@id":"https:\/\/worldjusticeproject.mx\/#\/schema\/person\/40af1191c76b9e9940c352bf575d26ab","name":"World Justice Project (M\u00e9xico)","image":{"@type":"ImageObject","inLanguage":"en-US","@id":"https:\/\/worldjusticeproject.mx\/#\/schema\/person\/image\/","url":"https:\/\/secure.gravatar.com\/avatar\/6531cff9e750e0a8f2e11dce1356c7675b1506f572d4663cd12ca5d739dc663f?s=96&d=wp_user_avatar&r=g","contentUrl":"https:\/\/secure.gravatar.com\/avatar\/6531cff9e750e0a8f2e11dce1356c7675b1506f572d4663cd12ca5d739dc663f?s=96&d=wp_user_avatar&r=g","caption":"World Justice Project (M\u00e9xico)"},"description":"Staff Editorial de World Justice Project M\u00e9xico","sameAs":["http:\/\/worldjusticeproject.mx","http:\/\/facebook.com\/thewjp","https:\/\/x.com\/http:\/\/twitter.com\/thewjp_mx"],"url":"https:\/\/worldjusticeproject.mx\/en\/author\/newemage\/"}]}},"_links":{"self":[{"href":"https:\/\/worldjusticeproject.mx\/en\/wp-json\/wp\/v2\/posts\/2008","targetHints":{"allow":["GET"]}}],"collection":[{"href":"https:\/\/worldjusticeproject.mx\/en\/wp-json\/wp\/v2\/posts"}],"about":[{"href":"https:\/\/worldjusticeproject.mx\/en\/wp-json\/wp\/v2\/types\/post"}],"author":[{"embeddable":true,"href":"https:\/\/worldjusticeproject.mx\/en\/wp-json\/wp\/v2\/users\/1"}],"replies":[{"embeddable":true,"href":"https:\/\/worldjusticeproject.mx\/en\/wp-json\/wp\/v2\/comments?post=2008"}],"version-history":[{"count":5,"href":"https:\/\/worldjusticeproject.mx\/en\/wp-json\/wp\/v2\/posts\/2008\/revisions"}],"predecessor-version":[{"id":3226,"href":"https:\/\/worldjusticeproject.mx\/en\/wp-json\/wp\/v2\/posts\/2008\/revisions\/3226"}],"wp:featuredmedia":[{"embeddable":true,"href":"https:\/\/worldjusticeproject.mx\/en\/wp-json\/wp\/v2\/media\/2025"}],"wp:attachment":[{"href":"https:\/\/worldjusticeproject.mx\/en\/wp-json\/wp\/v2\/media?parent=2008"}],"wp:term":[{"taxonomy":"category","embeddable":true,"href":"https:\/\/worldjusticeproject.mx\/en\/wp-json\/wp\/v2\/categories?post=2008"},{"taxonomy":"post_tag","embeddable":true,"href":"https:\/\/worldjusticeproject.mx\/en\/wp-json\/wp\/v2\/tags?post=2008"}],"curies":[{"name":"wp","href":"https:\/\/api.w.org\/{rel}","templated":true}]}}