{"id":4148,"date":"2024-02-09T11:19:57","date_gmt":"2024-02-09T17:19:57","guid":{"rendered":"https:\/\/worldjusticeproject.mx\/?p=4148"},"modified":"2024-02-09T12:08:20","modified_gmt":"2024-02-09T18:08:20","slug":"encuentro-de-justicia-alternativa-con-pueblos-originarios","status":"publish","type":"post","link":"https:\/\/worldjusticeproject.mx\/en\/encuentro-de-justicia-alternativa-con-pueblos-originarios\/","title":{"rendered":"Encuentro de Justicia Alternativa con pueblos originarios"},"content":{"rendered":"<div data-elementor-type=\"wp-post\" data-elementor-id=\"4148\" class=\"elementor elementor-4148\" data-elementor-post-type=\"post\">\n\t\t\t\t\t\t<section class=\"elementor-section elementor-top-section elementor-element elementor-element-7da2a5a elementor-section-boxed elementor-section-height-default elementor-section-height-default\" data-id=\"7da2a5a\" data-element_type=\"section\">\n\t\t\t\t\t\t<div class=\"elementor-container elementor-column-gap-default\">\n\t\t\t\t\t<div class=\"elementor-column elementor-col-100 elementor-top-column elementor-element elementor-element-b59ca07\" data-id=\"b59ca07\" data-element_type=\"column\">\n\t\t\t<div class=\"elementor-widget-wrap elementor-element-populated\">\n\t\t\t\t\t\t<div class=\"elementor-element elementor-element-94ece72 elementor-widget elementor-widget-text-editor\" data-id=\"94ece72\" data-element_type=\"widget\" data-widget_type=\"text-editor.default\">\n\t\t\t\t<div class=\"elementor-widget-container\">\n\t\t\t\t\t\t\t\t\t<p>El pasado 5 de diciembre de 2023, realizamos un encuentro entre las personas operadoras de los <span style=\"color: #482d8b;\"><strong>Centros de Paz y Di\u00e1logo<\/strong> <span style=\"color: #333333;\">(CPD)<\/span> <span style=\"color: #333333;\">del Estado de M\u00e9xico<\/span><\/span> y autoridades comunitarias, mediadores ind\u00edgenas del <strong><span style=\"color: #482d8b;\">Poder Judicial de Hidalgo<\/span><\/strong>, mediadores p\u00fablicos del <strong><span style=\"color: #482d8b;\">Poder Judicial del Estado de M\u00e9xico<\/span> <\/strong>(PJEdoMex) e Investigadoras del <strong><span style=\"color: #482d8b;\">World Justice Project<\/span><\/strong> (WJP).<\/p><p>Para fortalecer el funcionamiento de los CPD, el <strong><span style=\"color: #482d8b;\">Poder Judicial del Estado de M\u00e9xico<\/span><\/strong> realiza un acompa\u00f1amiento a trav\u00e9s de capacitaciones y hasta co-mediaciones. Asimismo, el v\u00ednculo de organizaciones de la sociedad civil como <strong><span style=\"color: #482d8b;\">WJP<\/span><\/strong> permite visibilizar el trabajo de estos Centros a trav\u00e9s del apoyo de la <strong><span style=\"color: #482d8b;\">Embajada de Canad\u00e1 en M\u00e9xico<\/span><\/strong>.<\/p><p>El objetivo principal de este encuentro, organizado y convocado por el<strong> <span style=\"color: #482d8b;\">PJEdoMEX<\/span><\/strong> y <strong><span style=\"color: #482d8b;\">WJP<\/span><\/strong>, fue establecer una vinculaci\u00f3n proactiva entre los mediadores ind\u00edgenas de los <strong><span style=\"color: #482d8b;\">Centros de Paz y Di\u00e1logo<\/span> y de los <span style=\"color: #482d8b;\">Poderes Judiciales del Estado de Hidalgo y del Estado de M\u00e9xico<\/span><\/strong>. Adem\u00e1s, se busc\u00f3 compartir las buenas pr\u00e1cticas entre las y los participantes en materia de resoluci\u00f3n de conflictos dentro de las comunidades ind\u00edgenas, as\u00ed como la forma del registro de los casos que atienden.<\/p>\t\t\t\t\t\t\t\t<\/div>\n\t\t\t\t<\/div>\n\t\t\t\t\t<\/div>\n\t\t<\/div>\n\t\t\t\t\t<\/div>\n\t\t<\/section>\n\t\t\t\t<section class=\"elementor-section elementor-top-section elementor-element elementor-element-17fc945 elementor-section-boxed elementor-section-height-default elementor-section-height-default\" data-id=\"17fc945\" data-element_type=\"section\">\n\t\t\t\t\t\t<div class=\"elementor-container elementor-column-gap-default\">\n\t\t\t\t\t<div class=\"elementor-column elementor-col-100 elementor-top-column elementor-element elementor-element-a63d7ad\" data-id=\"a63d7ad\" data-element_type=\"column\">\n\t\t\t<div class=\"elementor-widget-wrap elementor-element-populated\">\n\t\t\t\t\t\t<div class=\"elementor-element elementor-element-50b0168 elementor-widget elementor-widget-image\" data-id=\"50b0168\" data-element_type=\"widget\" data-widget_type=\"image.default\">\n\t\t\t\t<div class=\"elementor-widget-container\">\n\t\t\t\t\t\t\t\t\t\t\t\t\t\t\t<img fetchpriority=\"high\" decoding=\"async\" width=\"800\" height=\"1066\" src=\"https:\/\/worldjusticeproject.mx\/wp-content\/uploads\/2024\/02\/dd5638c9-9160-4570-a560-731c135d8c89-2-970x1293.jpg\" class=\"attachment-large size-large wp-image-4154\" alt=\"\" srcset=\"https:\/\/worldjusticeproject.mx\/wp-content\/uploads\/2024\/02\/dd5638c9-9160-4570-a560-731c135d8c89-2-970x1293.jpg 970w, https:\/\/worldjusticeproject.mx\/wp-content\/uploads\/2024\/02\/dd5638c9-9160-4570-a560-731c135d8c89-2-470x627.jpg 470w, https:\/\/worldjusticeproject.mx\/wp-content\/uploads\/2024\/02\/dd5638c9-9160-4570-a560-731c135d8c89-2-170x227.jpg 170w, https:\/\/worldjusticeproject.mx\/wp-content\/uploads\/2024\/02\/dd5638c9-9160-4570-a560-731c135d8c89-2-768x1024.jpg 768w, https:\/\/worldjusticeproject.mx\/wp-content\/uploads\/2024\/02\/dd5638c9-9160-4570-a560-731c135d8c89-2-1152x1536.jpg 1152w, https:\/\/worldjusticeproject.mx\/wp-content\/uploads\/2024\/02\/dd5638c9-9160-4570-a560-731c135d8c89-2-1536x2048.jpg 1536w, https:\/\/worldjusticeproject.mx\/wp-content\/uploads\/2024\/02\/dd5638c9-9160-4570-a560-731c135d8c89-2-scaled.jpg 1920w\" sizes=\"(max-width: 800px) 100vw, 800px\" \/>\t\t\t\t\t\t\t\t\t\t\t\t\t\t\t<\/div>\n\t\t\t\t<\/div>\n\t\t\t\t\t<\/div>\n\t\t<\/div>\n\t\t\t\t\t<\/div>\n\t\t<\/section>\n\t\t\t\t<section class=\"elementor-section elementor-top-section elementor-element elementor-element-564b114 elementor-section-boxed elementor-section-height-default elementor-section-height-default\" data-id=\"564b114\" data-element_type=\"section\">\n\t\t\t\t\t\t<div class=\"elementor-container elementor-column-gap-default\">\n\t\t\t\t\t<div class=\"elementor-column elementor-col-100 elementor-top-column elementor-element elementor-element-2619b76\" data-id=\"2619b76\" data-element_type=\"column\">\n\t\t\t<div class=\"elementor-widget-wrap elementor-element-populated\">\n\t\t\t\t\t\t<div class=\"elementor-element elementor-element-d6a3b59 elementor-widget elementor-widget-text-editor\" data-id=\"d6a3b59\" data-element_type=\"widget\" data-widget_type=\"text-editor.default\">\n\t\t\t\t<div class=\"elementor-widget-container\">\n\t\t\t\t\t\t\t\t\t<p>La bienvenida estuvo a cargo del <strong><span style=\"color: #482d8b;\">Dr. Mario Alberto Delgado Monta\u00f1o<\/span><\/strong>, Director Regional del Centro de Mediaci\u00f3n Conciliaci\u00f3n y de Justicia Restaurativa del Poder Judicial del Estado de M\u00e9xico; la exposici\u00f3n de motivos fue por parte de nuestra investigadora <strong><span style=\"color: #482d8b;\">Ana Cardenas<\/span><\/strong> y las palabras de inauguraci\u00f3n fueron del<span style=\"color: #482d8b;\"><strong> Mgdo. Sergio Arturo Valls Esponda<\/strong><\/span>, Director General del Centro de Mediaci\u00f3n, Conciliaci\u00f3n y de Justicia Restaurativa del Poder Judicial del Estado de M\u00e9xico. Adem\u00e1s, participaron <strong><span style=\"color: #482d8b;\">Nancy Guti\u00e9rrez<\/span><\/strong>, Directora General del Centro de Justicia Alternativa del Poder Judicial del Estado de Hidalgo y de una ceremonia dirigida por <strong><span style=\"color: #482d8b;\">Lucina Hern\u00e1ndez<\/span><\/strong>, jefa suprema de Capulhuac.<\/p>\t\t\t\t\t\t\t\t<\/div>\n\t\t\t\t<\/div>\n\t\t\t\t\t<\/div>\n\t\t<\/div>\n\t\t\t\t\t<\/div>\n\t\t<\/section>\n\t\t\t\t<section class=\"elementor-section elementor-top-section elementor-element elementor-element-4f58bfc elementor-section-boxed elementor-section-height-default elementor-section-height-default\" data-id=\"4f58bfc\" data-element_type=\"section\">\n\t\t\t\t\t\t<div class=\"elementor-container elementor-column-gap-default\">\n\t\t\t\t\t<div class=\"elementor-column elementor-col-100 elementor-top-column elementor-element elementor-element-9432fb4\" data-id=\"9432fb4\" data-element_type=\"column\">\n\t\t\t<div class=\"elementor-widget-wrap elementor-element-populated\">\n\t\t\t\t\t\t<div class=\"elementor-element elementor-element-e92b5c5 elementor-widget elementor-widget-text-editor\" data-id=\"e92b5c5\" data-element_type=\"widget\" data-widget_type=\"text-editor.default\">\n\t\t\t\t<div class=\"elementor-widget-container\">\n\t\t\t\t\t\t\t\t\t<p>En el evento se cubrieron los siguientes t\u00f3picos: principios b\u00e1sicos de la Justicia Alternativa y de los Mecanismos Alternativos de Soluci\u00f3n de Controversias, algunas nociones generales acerca de la operatividad de los Centros de Paz y Di\u00e1logo por parte de los pueblos originarios en paralelo con el Centro Estatal de Mediaci\u00f3n, Conciliaci\u00f3n y de Justicia Restaurativa del Poder Judicial del Estado de M\u00e9xico.<\/p><p>Estos temas sirvieron de antesala para una conversaci\u00f3n entre los distintos mediadores, especialmente los<strong><span style=\"color: #482d8b;\"> mediadores ind\u00edgenas de Hidalgo<\/span><\/strong> quienes, a partir de m\u00e1s de diez a\u00f1os de experiencia, compartieron algunos casos, as\u00ed como estrategias para abordar los conflictos y para lograr que las partes se abran para solucionar su problema.<\/p><p>Este intercambio fue, sin duda, el m\u00e1s enriquecedor pues la din\u00e1mica de trabajo permiti\u00f3 tender puentes entre los distintos operadores e intercambiar experiencias de primera mano. A su vez, este intercambio de experiencias permiti\u00f3 visibilizar la importancia de conocer la lengua, las normas internas, los usos y las costumbres, entre otros; es decir, <span style=\"color: #482d8b;\"><strong>la pertinencia cultural en la resoluci\u00f3n de conflictos en las comunidades ind\u00edgenas<\/strong><span style=\"color: #333333;\">.<\/span><\/span><\/p><p>El \u00faltimo m\u00f3dulo del Encuentro fue una sesi\u00f3n de trabajo encabezada por las investigadoras de <strong><span style=\"color: #482d8b;\">WJP<\/span><\/strong> para compartir estrategias de registro de los casos que son atendidos en los<strong><span style=\"color: #482d8b;\"> Centros de Paz y Di\u00e1logo<\/span><\/strong>, as\u00ed como de la satisfacci\u00f3n de las personas usuarias.<\/p>\t\t\t\t\t\t\t\t<\/div>\n\t\t\t\t<\/div>\n\t\t\t\t<div class=\"elementor-element elementor-element-34b7892 elementor-widget elementor-widget-image\" data-id=\"34b7892\" data-element_type=\"widget\" data-widget_type=\"image.default\">\n\t\t\t\t<div class=\"elementor-widget-container\">\n\t\t\t\t\t\t\t\t\t\t\t\t\t\t\t<img decoding=\"async\" width=\"800\" height=\"600\" src=\"https:\/\/worldjusticeproject.mx\/wp-content\/uploads\/2024\/02\/7c013f5b-0543-4d7e-a843-aaa0b87838d5-970x728.jpg\" class=\"attachment-large size-large wp-image-4152\" alt=\"\" srcset=\"https:\/\/worldjusticeproject.mx\/wp-content\/uploads\/2024\/02\/7c013f5b-0543-4d7e-a843-aaa0b87838d5-970x728.jpg 970w, https:\/\/worldjusticeproject.mx\/wp-content\/uploads\/2024\/02\/7c013f5b-0543-4d7e-a843-aaa0b87838d5-470x353.jpg 470w, https:\/\/worldjusticeproject.mx\/wp-content\/uploads\/2024\/02\/7c013f5b-0543-4d7e-a843-aaa0b87838d5-170x128.jpg 170w, https:\/\/worldjusticeproject.mx\/wp-content\/uploads\/2024\/02\/7c013f5b-0543-4d7e-a843-aaa0b87838d5-768x576.jpg 768w, https:\/\/worldjusticeproject.mx\/wp-content\/uploads\/2024\/02\/7c013f5b-0543-4d7e-a843-aaa0b87838d5-1536x1152.jpg 1536w, https:\/\/worldjusticeproject.mx\/wp-content\/uploads\/2024\/02\/7c013f5b-0543-4d7e-a843-aaa0b87838d5-2048x1536.jpg 2048w\" sizes=\"(max-width: 800px) 100vw, 800px\" \/>\t\t\t\t\t\t\t\t\t\t\t\t\t\t\t<\/div>\n\t\t\t\t<\/div>\n\t\t\t\t\t<\/div>\n\t\t<\/div>\n\t\t\t\t\t<\/div>\n\t\t<\/section>\n\t\t\t\t<section class=\"elementor-section elementor-top-section elementor-element elementor-element-b105fc0 elementor-section-boxed elementor-section-height-default elementor-section-height-default\" data-id=\"b105fc0\" data-element_type=\"section\">\n\t\t\t\t\t\t<div class=\"elementor-container elementor-column-gap-default\">\n\t\t\t\t\t<div class=\"elementor-column elementor-col-100 elementor-top-column elementor-element elementor-element-0a8279c\" data-id=\"0a8279c\" data-element_type=\"column\">\n\t\t\t<div class=\"elementor-widget-wrap elementor-element-populated\">\n\t\t\t\t\t\t<div class=\"elementor-element elementor-element-4586d0e elementor-widget elementor-widget-text-editor\" data-id=\"4586d0e\" data-element_type=\"widget\" data-widget_type=\"text-editor.default\">\n\t\t\t\t<div class=\"elementor-widget-container\">\n\t\t\t\t\t\t\t\t\t<p>Para finalizar el evento, las y los participantes ofrecieron comentarios generales sobre el encuentro. Por ejemplo, se hizo hincapi\u00e9 en las diferencias entre los <strong><span style=\"color: #482d8b;\">Centros de Paz y Di\u00e1logo del estado de Hidalgo y del Estado de M\u00e9xico<\/span><\/strong>, identificando \u00e1reas que a\u00fan requieren trabajo y desarrollo por parte del Estado de M\u00e9xico para brindar mayor estabilidad y sostenibilidad a los Centros.<\/p><p>Tambi\u00e9n se enfatiz\u00f3 la responsabilidad, sensibilidad y conciencia necesarias por parte de los facilitadores del estado de Hidalgo para llevar a cabo esta labor de manera efectiva. Adem\u00e1s, <span style=\"color: #482d8b;\"><strong>se resalt\u00f3 la importancia vital del uso de la lengua en los procesos de mediaci\u00f3n, no solo como herramienta identitaria, sino tambi\u00e9n para establecer confianza entre las personas usuarias y mediadores<\/strong><\/span><strong>.<\/strong><\/p><p>El Encuentro, seg\u00fan las encuestas de salida del evento, debiera ser <strong><span style=\"color: #482d8b;\">el primero de muchos que permitan profundizar en el intercambio de experiencias y aprendizajes entre mediadores ind\u00edgenas y ser un espacio para adquirir conocimientos t\u00e9cnicos jur\u00eddicos y en materia de resoluci\u00f3n de conflictos<\/span><\/strong>.<\/p>\t\t\t\t\t\t\t\t<\/div>\n\t\t\t\t<\/div>\n\t\t\t\t\t<\/div>\n\t\t<\/div>\n\t\t\t\t\t<\/div>\n\t\t<\/section>\n\t\t\t\t<section class=\"elementor-section elementor-top-section elementor-element elementor-element-82e3be9 elementor-section-boxed elementor-section-height-default elementor-section-height-default\" data-id=\"82e3be9\" data-element_type=\"section\">\n\t\t\t\t\t\t<div class=\"elementor-container elementor-column-gap-default\">\n\t\t\t\t\t<div class=\"elementor-column elementor-col-100 elementor-top-column elementor-element elementor-element-6bc4a8b\" data-id=\"6bc4a8b\" data-element_type=\"column\">\n\t\t\t<div class=\"elementor-widget-wrap elementor-element-populated\">\n\t\t\t\t\t\t<div class=\"elementor-element elementor-element-7a9272a elementor-widget elementor-widget-image\" data-id=\"7a9272a\" data-element_type=\"widget\" data-widget_type=\"image.default\">\n\t\t\t\t<div class=\"elementor-widget-container\">\n\t\t\t\t\t\t\t\t\t\t\t\t\t\t\t<img decoding=\"async\" width=\"800\" height=\"1066\" src=\"https:\/\/worldjusticeproject.mx\/wp-content\/uploads\/2024\/02\/cf63823d-fd83-4967-8604-17569c7045c9-2-970x1293.jpg\" class=\"attachment-large size-large wp-image-4153\" alt=\"\" srcset=\"https:\/\/worldjusticeproject.mx\/wp-content\/uploads\/2024\/02\/cf63823d-fd83-4967-8604-17569c7045c9-2-970x1293.jpg 970w, https:\/\/worldjusticeproject.mx\/wp-content\/uploads\/2024\/02\/cf63823d-fd83-4967-8604-17569c7045c9-2-470x627.jpg 470w, https:\/\/worldjusticeproject.mx\/wp-content\/uploads\/2024\/02\/cf63823d-fd83-4967-8604-17569c7045c9-2-170x227.jpg 170w, https:\/\/worldjusticeproject.mx\/wp-content\/uploads\/2024\/02\/cf63823d-fd83-4967-8604-17569c7045c9-2-768x1024.jpg 768w, https:\/\/worldjusticeproject.mx\/wp-content\/uploads\/2024\/02\/cf63823d-fd83-4967-8604-17569c7045c9-2-1152x1536.jpg 1152w, https:\/\/worldjusticeproject.mx\/wp-content\/uploads\/2024\/02\/cf63823d-fd83-4967-8604-17569c7045c9-2-1536x2048.jpg 1536w, https:\/\/worldjusticeproject.mx\/wp-content\/uploads\/2024\/02\/cf63823d-fd83-4967-8604-17569c7045c9-2-scaled.jpg 1920w\" sizes=\"(max-width: 800px) 100vw, 800px\" \/>\t\t\t\t\t\t\t\t\t\t\t\t\t\t\t<\/div>\n\t\t\t\t<\/div>\n\t\t\t\t\t<\/div>\n\t\t<\/div>\n\t\t\t\t\t<\/div>\n\t\t<\/section>\n\t\t\t\t<\/div>","protected":false},"excerpt":{"rendered":"<p>El pasado 5 de diciembre de 2023, realizamos un encuentro entre las personas operadoras de los Centros de Paz y Di\u00e1logo (CPD) del Estado de M\u00e9xico y autoridades comunitarias, mediadores ind\u00edgenas del Poder Judicial de Hidalgo, mediadores p\u00fablicos del Poder Judicial del Estado de M\u00e9xico (PJEdoMex) e Investigadoras del World Justice Project (WJP). Para fortalecer [&hellip;]<\/p>\n","protected":false},"author":3,"featured_media":4149,"comment_status":"closed","ping_status":"closed","sticky":false,"template":"","format":"standard","meta":{"footnotes":""},"categories":[1],"tags":[231,227,226],"class_list":["post-4148","post","type-post","status-publish","format-standard","has-post-thumbnail","hentry","category-noticias","tag-fondo-canada","tag-justicia-alternativa","tag-justicia-comunitaria"],"yoast_head":"<!-- This site is optimized with the Yoast SEO plugin v25.2 - https:\/\/yoast.com\/wordpress\/plugins\/seo\/ -->\n<title>Encuentro de Justicia Alternativa con pueblos originarios - World Justice Project (M\u00e9xico)<\/title>\n<meta name=\"robots\" content=\"index, follow, max-snippet:-1, max-image-preview:large, max-video-preview:-1\" \/>\n<link rel=\"canonical\" href=\"https:\/\/worldjusticeproject.mx\/en\/encuentro-de-justicia-alternativa-con-pueblos-originarios\/\" \/>\n<meta property=\"og:locale\" content=\"en_US\" \/>\n<meta property=\"og:type\" content=\"article\" \/>\n<meta property=\"og:title\" content=\"Encuentro de Justicia Alternativa con pueblos originarios - World Justice Project (M\u00e9xico)\" \/>\n<meta property=\"og:description\" content=\"El pasado 5 de diciembre de 2023, realizamos un encuentro entre las personas operadoras de los Centros de Paz y Di\u00e1logo (CPD) del Estado de M\u00e9xico y autoridades comunitarias, mediadores ind\u00edgenas del Poder Judicial de Hidalgo, mediadores p\u00fablicos del Poder Judicial del Estado de M\u00e9xico (PJEdoMex) e Investigadoras del World Justice Project (WJP). Para fortalecer [&hellip;]\" \/>\n<meta property=\"og:url\" content=\"https:\/\/worldjusticeproject.mx\/en\/encuentro-de-justicia-alternativa-con-pueblos-originarios\/\" \/>\n<meta property=\"og:site_name\" content=\"World Justice Project (M\u00e9xico)\" \/>\n<meta property=\"article:published_time\" content=\"2024-02-09T17:19:57+00:00\" \/>\n<meta property=\"article:modified_time\" content=\"2024-02-09T18:08:20+00:00\" \/>\n<meta property=\"og:image\" content=\"https:\/\/worldjusticeproject.mx\/wp-content\/uploads\/2024\/02\/a370f0f9-2326-45dd-bd40-b5b40d939088-2-scaled.jpg\" \/>\n\t<meta property=\"og:image:width\" content=\"2560\" \/>\n\t<meta property=\"og:image:height\" content=\"1920\" \/>\n\t<meta property=\"og:image:type\" content=\"image\/jpeg\" \/>\n<meta name=\"author\" content=\"World Justice Project M\u00e9xico\" \/>\n<meta name=\"twitter:card\" content=\"summary_large_image\" \/>\n<meta name=\"twitter:label1\" content=\"Written by\" \/>\n\t<meta name=\"twitter:data1\" content=\"World Justice Project M\u00e9xico\" \/>\n\t<meta name=\"twitter:label2\" content=\"Est. reading time\" \/>\n\t<meta name=\"twitter:data2\" content=\"4 minutes\" \/>\n<script type=\"application\/ld+json\" class=\"yoast-schema-graph\">{\"@context\":\"https:\/\/schema.org\",\"@graph\":[{\"@type\":\"WebPage\",\"@id\":\"https:\/\/worldjusticeproject.mx\/encuentro-de-justicia-alternativa-con-pueblos-originarios\/\",\"url\":\"https:\/\/worldjusticeproject.mx\/encuentro-de-justicia-alternativa-con-pueblos-originarios\/\",\"name\":\"Encuentro de Justicia Alternativa con pueblos originarios - World Justice Project (M\u00e9xico)\",\"isPartOf\":{\"@id\":\"https:\/\/worldjusticeproject.mx\/#website\"},\"primaryImageOfPage\":{\"@id\":\"https:\/\/worldjusticeproject.mx\/encuentro-de-justicia-alternativa-con-pueblos-originarios\/#primaryimage\"},\"image\":{\"@id\":\"https:\/\/worldjusticeproject.mx\/encuentro-de-justicia-alternativa-con-pueblos-originarios\/#primaryimage\"},\"thumbnailUrl\":\"https:\/\/worldjusticeproject.mx\/wp-content\/uploads\/2024\/02\/a370f0f9-2326-45dd-bd40-b5b40d939088-2-scaled.jpg\",\"datePublished\":\"2024-02-09T17:19:57+00:00\",\"dateModified\":\"2024-02-09T18:08:20+00:00\",\"author\":{\"@id\":\"https:\/\/worldjusticeproject.mx\/#\/schema\/person\/4dd2561c1e4485d2ac2cb170f20b86d9\"},\"breadcrumb\":{\"@id\":\"https:\/\/worldjusticeproject.mx\/encuentro-de-justicia-alternativa-con-pueblos-originarios\/#breadcrumb\"},\"inLanguage\":\"en-US\",\"potentialAction\":[{\"@type\":\"ReadAction\",\"target\":[\"https:\/\/worldjusticeproject.mx\/encuentro-de-justicia-alternativa-con-pueblos-originarios\/\"]}]},{\"@type\":\"ImageObject\",\"inLanguage\":\"en-US\",\"@id\":\"https:\/\/worldjusticeproject.mx\/encuentro-de-justicia-alternativa-con-pueblos-originarios\/#primaryimage\",\"url\":\"https:\/\/worldjusticeproject.mx\/wp-content\/uploads\/2024\/02\/a370f0f9-2326-45dd-bd40-b5b40d939088-2-scaled.jpg\",\"contentUrl\":\"https:\/\/worldjusticeproject.mx\/wp-content\/uploads\/2024\/02\/a370f0f9-2326-45dd-bd40-b5b40d939088-2-scaled.jpg\",\"width\":2560,\"height\":1920},{\"@type\":\"BreadcrumbList\",\"@id\":\"https:\/\/worldjusticeproject.mx\/encuentro-de-justicia-alternativa-con-pueblos-originarios\/#breadcrumb\",\"itemListElement\":[{\"@type\":\"ListItem\",\"position\":1,\"name\":\"Home\",\"item\":\"https:\/\/worldjusticeproject.mx\/\"},{\"@type\":\"ListItem\",\"position\":2,\"name\":\"Encuentro de Justicia Alternativa con pueblos originarios\"}]},{\"@type\":\"WebSite\",\"@id\":\"https:\/\/worldjusticeproject.mx\/#website\",\"url\":\"https:\/\/worldjusticeproject.mx\/\",\"name\":\"World Justice Project (M\u00e9xico)\",\"description\":\"Sitio web de la oficina en M\u00e9xico de la organizaci\u00f3n basada en Washington DC, Estados Unidos\",\"potentialAction\":[{\"@type\":\"SearchAction\",\"target\":{\"@type\":\"EntryPoint\",\"urlTemplate\":\"https:\/\/worldjusticeproject.mx\/?s={search_term_string}\"},\"query-input\":{\"@type\":\"PropertyValueSpecification\",\"valueRequired\":true,\"valueName\":\"search_term_string\"}}],\"inLanguage\":\"en-US\"},{\"@type\":\"Person\",\"@id\":\"https:\/\/worldjusticeproject.mx\/#\/schema\/person\/4dd2561c1e4485d2ac2cb170f20b86d9\",\"name\":\"World Justice Project M\u00e9xico\",\"image\":{\"@type\":\"ImageObject\",\"inLanguage\":\"en-US\",\"@id\":\"https:\/\/worldjusticeproject.mx\/#\/schema\/person\/image\/\",\"url\":\"https:\/\/secure.gravatar.com\/avatar\/3f5d203e83f8a63f4f5b9750664b86564eef1320a626a96c7006222a1fd31f47?s=96&d=wp_user_avatar&r=g\",\"contentUrl\":\"https:\/\/secure.gravatar.com\/avatar\/3f5d203e83f8a63f4f5b9750664b86564eef1320a626a96c7006222a1fd31f47?s=96&d=wp_user_avatar&r=g\",\"caption\":\"World Justice Project M\u00e9xico\"},\"url\":\"https:\/\/worldjusticeproject.mx\/en\/author\/editor\/\"}]}<\/script>\n<!-- \/ Yoast SEO plugin. -->","yoast_head_json":{"title":"Encuentro de Justicia Alternativa con pueblos originarios - World Justice Project (M\u00e9xico)","robots":{"index":"index","follow":"follow","max-snippet":"max-snippet:-1","max-image-preview":"max-image-preview:large","max-video-preview":"max-video-preview:-1"},"canonical":"https:\/\/worldjusticeproject.mx\/en\/encuentro-de-justicia-alternativa-con-pueblos-originarios\/","og_locale":"en_US","og_type":"article","og_title":"Encuentro de Justicia Alternativa con pueblos originarios - World Justice Project (M\u00e9xico)","og_description":"El pasado 5 de diciembre de 2023, realizamos un encuentro entre las personas operadoras de los Centros de Paz y Di\u00e1logo (CPD) del Estado de M\u00e9xico y autoridades comunitarias, mediadores ind\u00edgenas del Poder Judicial de Hidalgo, mediadores p\u00fablicos del Poder Judicial del Estado de M\u00e9xico (PJEdoMex) e Investigadoras del World Justice Project (WJP). Para fortalecer [&hellip;]","og_url":"https:\/\/worldjusticeproject.mx\/en\/encuentro-de-justicia-alternativa-con-pueblos-originarios\/","og_site_name":"World Justice Project (M\u00e9xico)","article_published_time":"2024-02-09T17:19:57+00:00","article_modified_time":"2024-02-09T18:08:20+00:00","og_image":[{"width":2560,"height":1920,"url":"https:\/\/worldjusticeproject.mx\/wp-content\/uploads\/2024\/02\/a370f0f9-2326-45dd-bd40-b5b40d939088-2-scaled.jpg","type":"image\/jpeg"}],"author":"World Justice Project M\u00e9xico","twitter_card":"summary_large_image","twitter_misc":{"Written by":"World Justice Project M\u00e9xico","Est. reading time":"4 minutes"},"schema":{"@context":"https:\/\/schema.org","@graph":[{"@type":"WebPage","@id":"https:\/\/worldjusticeproject.mx\/encuentro-de-justicia-alternativa-con-pueblos-originarios\/","url":"https:\/\/worldjusticeproject.mx\/encuentro-de-justicia-alternativa-con-pueblos-originarios\/","name":"Encuentro de Justicia Alternativa con pueblos originarios - World Justice Project (M\u00e9xico)","isPartOf":{"@id":"https:\/\/worldjusticeproject.mx\/#website"},"primaryImageOfPage":{"@id":"https:\/\/worldjusticeproject.mx\/encuentro-de-justicia-alternativa-con-pueblos-originarios\/#primaryimage"},"image":{"@id":"https:\/\/worldjusticeproject.mx\/encuentro-de-justicia-alternativa-con-pueblos-originarios\/#primaryimage"},"thumbnailUrl":"https:\/\/worldjusticeproject.mx\/wp-content\/uploads\/2024\/02\/a370f0f9-2326-45dd-bd40-b5b40d939088-2-scaled.jpg","datePublished":"2024-02-09T17:19:57+00:00","dateModified":"2024-02-09T18:08:20+00:00","author":{"@id":"https:\/\/worldjusticeproject.mx\/#\/schema\/person\/4dd2561c1e4485d2ac2cb170f20b86d9"},"breadcrumb":{"@id":"https:\/\/worldjusticeproject.mx\/encuentro-de-justicia-alternativa-con-pueblos-originarios\/#breadcrumb"},"inLanguage":"en-US","potentialAction":[{"@type":"ReadAction","target":["https:\/\/worldjusticeproject.mx\/encuentro-de-justicia-alternativa-con-pueblos-originarios\/"]}]},{"@type":"ImageObject","inLanguage":"en-US","@id":"https:\/\/worldjusticeproject.mx\/encuentro-de-justicia-alternativa-con-pueblos-originarios\/#primaryimage","url":"https:\/\/worldjusticeproject.mx\/wp-content\/uploads\/2024\/02\/a370f0f9-2326-45dd-bd40-b5b40d939088-2-scaled.jpg","contentUrl":"https:\/\/worldjusticeproject.mx\/wp-content\/uploads\/2024\/02\/a370f0f9-2326-45dd-bd40-b5b40d939088-2-scaled.jpg","width":2560,"height":1920},{"@type":"BreadcrumbList","@id":"https:\/\/worldjusticeproject.mx\/encuentro-de-justicia-alternativa-con-pueblos-originarios\/#breadcrumb","itemListElement":[{"@type":"ListItem","position":1,"name":"Home","item":"https:\/\/worldjusticeproject.mx\/"},{"@type":"ListItem","position":2,"name":"Encuentro de Justicia Alternativa con pueblos originarios"}]},{"@type":"WebSite","@id":"https:\/\/worldjusticeproject.mx\/#website","url":"https:\/\/worldjusticeproject.mx\/","name":"World Justice Project (M\u00e9xico)","description":"Sitio web de la oficina en M\u00e9xico de la organizaci\u00f3n basada en Washington DC, Estados Unidos","potentialAction":[{"@type":"SearchAction","target":{"@type":"EntryPoint","urlTemplate":"https:\/\/worldjusticeproject.mx\/?s={search_term_string}"},"query-input":{"@type":"PropertyValueSpecification","valueRequired":true,"valueName":"search_term_string"}}],"inLanguage":"en-US"},{"@type":"Person","@id":"https:\/\/worldjusticeproject.mx\/#\/schema\/person\/4dd2561c1e4485d2ac2cb170f20b86d9","name":"World Justice Project M\u00e9xico","image":{"@type":"ImageObject","inLanguage":"en-US","@id":"https:\/\/worldjusticeproject.mx\/#\/schema\/person\/image\/","url":"https:\/\/secure.gravatar.com\/avatar\/3f5d203e83f8a63f4f5b9750664b86564eef1320a626a96c7006222a1fd31f47?s=96&d=wp_user_avatar&r=g","contentUrl":"https:\/\/secure.gravatar.com\/avatar\/3f5d203e83f8a63f4f5b9750664b86564eef1320a626a96c7006222a1fd31f47?s=96&d=wp_user_avatar&r=g","caption":"World Justice Project M\u00e9xico"},"url":"https:\/\/worldjusticeproject.mx\/en\/author\/editor\/"}]}},"_links":{"self":[{"href":"https:\/\/worldjusticeproject.mx\/en\/wp-json\/wp\/v2\/posts\/4148","targetHints":{"allow":["GET"]}}],"collection":[{"href":"https:\/\/worldjusticeproject.mx\/en\/wp-json\/wp\/v2\/posts"}],"about":[{"href":"https:\/\/worldjusticeproject.mx\/en\/wp-json\/wp\/v2\/types\/post"}],"author":[{"embeddable":true,"href":"https:\/\/worldjusticeproject.mx\/en\/wp-json\/wp\/v2\/users\/3"}],"replies":[{"embeddable":true,"href":"https:\/\/worldjusticeproject.mx\/en\/wp-json\/wp\/v2\/comments?post=4148"}],"version-history":[{"count":5,"href":"https:\/\/worldjusticeproject.mx\/en\/wp-json\/wp\/v2\/posts\/4148\/revisions"}],"predecessor-version":[{"id":4158,"href":"https:\/\/worldjusticeproject.mx\/en\/wp-json\/wp\/v2\/posts\/4148\/revisions\/4158"}],"wp:featuredmedia":[{"embeddable":true,"href":"https:\/\/worldjusticeproject.mx\/en\/wp-json\/wp\/v2\/media\/4149"}],"wp:attachment":[{"href":"https:\/\/worldjusticeproject.mx\/en\/wp-json\/wp\/v2\/media?parent=4148"}],"wp:term":[{"taxonomy":"category","embeddable":true,"href":"https:\/\/worldjusticeproject.mx\/en\/wp-json\/wp\/v2\/categories?post=4148"},{"taxonomy":"post_tag","embeddable":true,"href":"https:\/\/worldjusticeproject.mx\/en\/wp-json\/wp\/v2\/tags?post=4148"}],"curies":[{"name":"wp","href":"https:\/\/api.w.org\/{rel}","templated":true}]}}