{"id":4161,"date":"2024-02-13T10:18:40","date_gmt":"2024-02-13T16:18:40","guid":{"rendered":"https:\/\/worldjusticeproject.mx\/?p=4161"},"modified":"2024-02-14T13:05:58","modified_gmt":"2024-02-14T19:05:58","slug":"seminario-internacional-sobre-justicia-comunitaria-y-tradicional-con-comunidades-indigenas-de-mexico-y-canada","status":"publish","type":"post","link":"https:\/\/worldjusticeproject.mx\/en\/seminario-internacional-sobre-justicia-comunitaria-y-tradicional-con-comunidades-indigenas-de-mexico-y-canada\/","title":{"rendered":"Seminario Internacional sobre justicia comunitaria y tradicional con comunidades ind\u00edgenas de M\u00e9xico y Canad\u00e1"},"content":{"rendered":"<div data-elementor-type=\"wp-post\" data-elementor-id=\"4161\" class=\"elementor elementor-4161\" data-elementor-post-type=\"post\">\n\t\t\t\t\t\t<section class=\"elementor-section elementor-top-section elementor-element elementor-element-0723ca1 elementor-section-boxed elementor-section-height-default elementor-section-height-default\" data-id=\"0723ca1\" data-element_type=\"section\">\n\t\t\t\t\t\t<div class=\"elementor-container elementor-column-gap-default\">\n\t\t\t\t\t<div class=\"elementor-column elementor-col-100 elementor-top-column elementor-element elementor-element-c86af3c\" data-id=\"c86af3c\" data-element_type=\"column\">\n\t\t\t<div class=\"elementor-widget-wrap elementor-element-populated\">\n\t\t\t\t\t\t<div class=\"elementor-element elementor-element-9cf8a2d elementor-align-center elementor-widget elementor-widget-button\" data-id=\"9cf8a2d\" data-element_type=\"widget\" data-widget_type=\"button.default\">\n\t\t\t\t<div class=\"elementor-widget-container\">\n\t\t\t\t\t\t\t\t\t<div class=\"elementor-button-wrapper\">\n\t\t\t\t\t<a class=\"elementor-button elementor-button-link elementor-size-md\" href=\"https:\/\/bit.ly\/3uewPBA\" target=\"_blank\">\n\t\t\t\t\t\t<span class=\"elementor-button-content-wrapper\">\n\t\t\t\t\t\t\t\t\t<span class=\"elementor-button-text\">\u00a1Reg\u00edstrate al seminario en l\u00ednea!<\/span>\n\t\t\t\t\t<\/span>\n\t\t\t\t\t<\/a>\n\t\t\t\t<\/div>\n\t\t\t\t\t\t\t\t<\/div>\n\t\t\t\t<\/div>\n\t\t\t\t<div class=\"elementor-element elementor-element-e401fca elementor-widget elementor-widget-text-editor\" data-id=\"e401fca\" data-element_type=\"widget\" data-widget_type=\"text-editor.default\">\n\t\t\t\t<div class=\"elementor-widget-container\">\n\t\t\t\t\t\t\t\t\t<p>En<span style=\"color: #482d8b;\"><strong> World Justice Project<\/strong><\/span> tenemos como misi\u00f3n principal la promoci\u00f3n del <strong><span style=\"color: #482d8b;\">Estado de Derecho<\/span><\/strong> y la <strong><span style=\"color: #482d8b;\">justicia centrada en las personas<\/span><\/strong> en M\u00e9xico y el mundo. Es por eso que desarrollamos una s\u00f3lida l\u00ednea de trabajo sobre el acceso a la justicia, incluyendo la justicia comunitaria o tradicional y las necesidades de justicia cotidiana.<\/p><p>El a\u00f1o pasado obtuvimos el financiamiento de la <strong><span style=\"color: #482d8b;\">Embajada de Canad\u00e1 por medio del Fondo Canad\u00e1 para Iniciativas Locales (FCIL)<\/span><\/strong> para realizar el proyecto <strong><em><span style=\"color: #482d8b;\">\u201cEl fortalecimiento del acceso a la justicia de las comunidades ind\u00edgenas del Estado de M\u00e9xico a trav\u00e9s de los Centros de Paz y Di\u00e1logo\u201d<\/span><\/em><\/strong>. Este proyecto se centra en investigar el modelo de los Centros de Paz y Di\u00e1logo del Estado de M\u00e9xico (centros comunitarios de mediaci\u00f3n enfocados en ampliar el acceso a la justicia alternativa en comunidades ind\u00edgenas) y, en fortalecerlos a trav\u00e9s de intercambios de experiencias y aprendizajes entre mediadores ind\u00edgenas de distintos pa\u00edses.<\/p>\t\t\t\t\t\t\t\t<\/div>\n\t\t\t\t<\/div>\n\t\t\t\t<div class=\"elementor-element elementor-element-3c6a474 elementor-widget elementor-widget-text-editor\" data-id=\"3c6a474\" data-element_type=\"widget\" data-widget_type=\"text-editor.default\">\n\t\t\t\t<div class=\"elementor-widget-container\">\n\t\t\t\t\t\t\t\t\t<blockquote class=\"tiktok-embed\" cite=\"https:\/\/www.tiktok.com\/@wjpespanol\/video\/7304724953318837510\" data-video-id=\"7304724953318837510\" style=\"max-width: 605px;min-width: 325px;\" > <section> <a target=\"_blank\" title=\"@wjpespanol\" href=\"https:\/\/www.tiktok.com\/@wjpespanol?refer=embed\">@wjpespanol<\/a> Gracias al financiamiento de la Embajada de Canad\u00e1 en M\u00e9xico, comenzamos a trabajar en el proyecto\u00a0\u201cEl fortalecimiento del acceso a la justicia de las comunidades ind\u00edgenas del Estado de M\u00e9xico a trav\u00e9s de los Centros de Paz y Di\u00e1logo\u201d. Conoce mas en Worldjusticeproject.mx <a title=\"accesoalajusticia\" target=\"_blank\" href=\"https:\/\/www.tiktok.com\/tag\/accesoalajusticia?refer=embed\">#accesoalajusticia<\/a> <a title=\"A2J\" target=\"_blank\" href=\"https:\/\/www.tiktok.com\/tag\/A2J?refer=embed\">#A2J<\/a>  <a title=\"justiciacomunitaria\" target=\"_blank\" href=\"https:\/\/www.tiktok.com\/tag\/justiciacomunitaria?refer=embed\">#justiciacomunitaria<\/a>  <a title=\"justiciaalternativa\" target=\"_blank\" href=\"https:\/\/www.tiktok.com\/tag\/justiciaalternativa?refer=embed\">#justiciaalternativa<\/a> <a target=\"_blank\" title=\"\u266c Percusi\u00f3n - Bell\u00f3nMaceiras\" href=\"https:\/\/www.tiktok.com\/music\/Percusi\u00f3n-7153865101089441793?refer=embed\">\u266c Percusi\u00f3n &#8211; Bell\u00f3nMaceiras<\/a> <\/section> <\/blockquote> <script async src=\"https:\/\/www.tiktok.com\/embed.js\"><\/script>\t\t\t\t\t\t\t\t<\/div>\n\t\t\t\t<\/div>\n\t\t\t\t\t<\/div>\n\t\t<\/div>\n\t\t\t\t\t<\/div>\n\t\t<\/section>\n\t\t\t\t<section class=\"elementor-section elementor-top-section elementor-element elementor-element-b3d35ff elementor-section-boxed elementor-section-height-default elementor-section-height-default\" data-id=\"b3d35ff\" data-element_type=\"section\">\n\t\t\t\t\t\t<div class=\"elementor-container elementor-column-gap-default\">\n\t\t\t\t\t<div class=\"elementor-column elementor-col-100 elementor-top-column elementor-element elementor-element-2f7e78a\" data-id=\"2f7e78a\" data-element_type=\"column\">\n\t\t\t<div class=\"elementor-widget-wrap elementor-element-populated\">\n\t\t\t\t\t\t<div class=\"elementor-element elementor-element-d7b09d0 elementor-widget elementor-widget-text-editor\" data-id=\"d7b09d0\" data-element_type=\"widget\" data-widget_type=\"text-editor.default\">\n\t\t\t\t<div class=\"elementor-widget-container\">\n\t\t\t\t\t\t\t\t\t<p><strong><span style=\"color: #482d8b;\">Los Centros de Paz y Di\u00e1logo<\/span><\/strong>, surgidos a partir de 2019 en el Estado de M\u00e9xico, s<strong><span style=\"color: #482d8b;\">on un espacio comunitario dedicado a la resoluci\u00f3n de conflictos<\/span><\/strong>. Para conocerlos, viajamos y conversamos con las personas que los operan y con las personas que han acudido.La utilidad para resolver un conflicto cotidiano qued\u00f3 clara sobre todo considerando que muchas veces, estos conflictos quedan desatendidos por la traves\u00eda que implica tomar el transporte p\u00fablico y trasladarse hasta dos horas a la cabecera municipal, costear un abogado, as\u00ed como enfrentarse a tratos discriminatorios y estereot\u00edpicos, todo con la esperanza de ser atendidos y escuchados por un funcionario p\u00fablico.<\/p><p>Para conversar acerca de los <strong><span style=\"color: #482d8b;\">Centros de Paz y Di\u00e1logo<\/span><\/strong> y reflexionar acerca de este y otros modelos organizamos con el apoyo de la Facultad de Ciencias Pol\u00edticas y Sociales de la UNAM y del Programa de Interculturalidad y Asuntos Ind\u00edgenas de la IBERO, el <strong><span style=\"color: #482d8b;\">Seminario Internacional sobre justicia comunitaria y tradicional con comunidades ind\u00edgenas de M\u00e9xico y Canad\u00e1<\/span><\/strong> el pr\u00f3ximo martes <strong><span style=\"color: #482d8b;\">20 de febrero a las 11:00 horas<\/span><\/strong>.<\/p>\t\t\t\t\t\t\t\t<\/div>\n\t\t\t\t<\/div>\n\t\t\t\t\t<\/div>\n\t\t<\/div>\n\t\t\t\t\t<\/div>\n\t\t<\/section>\n\t\t\t\t<section class=\"elementor-section elementor-top-section elementor-element elementor-element-25fb04a elementor-section-boxed elementor-section-height-default elementor-section-height-default\" data-id=\"25fb04a\" data-element_type=\"section\">\n\t\t\t\t\t\t<div class=\"elementor-container elementor-column-gap-default\">\n\t\t\t\t\t<div class=\"elementor-column elementor-col-100 elementor-top-column elementor-element elementor-element-780b91f\" data-id=\"780b91f\" data-element_type=\"column\">\n\t\t\t<div class=\"elementor-widget-wrap elementor-element-populated\">\n\t\t\t\t\t\t<div class=\"elementor-element elementor-element-7510509 elementor-widget elementor-widget-image\" data-id=\"7510509\" data-element_type=\"widget\" data-widget_type=\"image.default\">\n\t\t\t\t<div class=\"elementor-widget-container\">\n\t\t\t\t\t\t\t\t\t\t\t\t\t\t\t\t<a href=\"https:\/\/bit.ly\/3uewPBA\" target=\"_blank\">\n\t\t\t\t\t\t\t<img fetchpriority=\"high\" decoding=\"async\" width=\"800\" height=\"541\" src=\"https:\/\/worldjusticeproject.mx\/wp-content\/uploads\/2024\/02\/Flyer-Seminario-Canada_email-970x656.jpg\" class=\"attachment-large size-large wp-image-4165\" alt=\"\" srcset=\"https:\/\/worldjusticeproject.mx\/wp-content\/uploads\/2024\/02\/Flyer-Seminario-Canada_email-970x656.jpg 970w, https:\/\/worldjusticeproject.mx\/wp-content\/uploads\/2024\/02\/Flyer-Seminario-Canada_email-470x318.jpg 470w, https:\/\/worldjusticeproject.mx\/wp-content\/uploads\/2024\/02\/Flyer-Seminario-Canada_email-170x115.jpg 170w, https:\/\/worldjusticeproject.mx\/wp-content\/uploads\/2024\/02\/Flyer-Seminario-Canada_email-768x520.jpg 768w, https:\/\/worldjusticeproject.mx\/wp-content\/uploads\/2024\/02\/Flyer-Seminario-Canada_email-1536x1039.jpg 1536w, https:\/\/worldjusticeproject.mx\/wp-content\/uploads\/2024\/02\/Flyer-Seminario-Canada_email-2048x1386.jpg 2048w\" sizes=\"(max-width: 800px) 100vw, 800px\" \/>\t\t\t\t\t\t\t\t<\/a>\n\t\t\t\t\t\t\t\t\t\t\t\t\t\t\t<\/div>\n\t\t\t\t<\/div>\n\t\t\t\t\t<\/div>\n\t\t<\/div>\n\t\t\t\t\t<\/div>\n\t\t<\/section>\n\t\t\t\t<section class=\"elementor-section elementor-top-section elementor-element elementor-element-3d833df elementor-section-boxed elementor-section-height-default elementor-section-height-default\" data-id=\"3d833df\" data-element_type=\"section\">\n\t\t\t\t\t\t<div class=\"elementor-container elementor-column-gap-default\">\n\t\t\t\t\t<div class=\"elementor-column elementor-col-100 elementor-top-column elementor-element elementor-element-adc6fb5\" data-id=\"adc6fb5\" data-element_type=\"column\">\n\t\t\t<div class=\"elementor-widget-wrap elementor-element-populated\">\n\t\t\t\t\t\t<div class=\"elementor-element elementor-element-0b9c15f elementor-widget elementor-widget-text-editor\" data-id=\"0b9c15f\" data-element_type=\"widget\" data-widget_type=\"text-editor.default\">\n\t\t\t\t<div class=\"elementor-widget-container\">\n\t\t\t\t\t\t\t\t\t<p>La idea principal es generar un espacio de intercambio acerca de la justicia comunitaria y tradicional en las comunidades ind\u00edgenas de M\u00e9xico y Canad\u00e1, as\u00ed como sobre distintos modelos que buscan ampliar las v\u00edas y mecanismos que tienen las comunidades ind\u00edgenas para resolver sus conflictos de manera pac\u00edfica, garantizando tanto el acceso a la justicia, como la autodeterminaci\u00f3n y autonom\u00eda de las comunidades.<\/p><p>En el seminario participar\u00e1n:<\/p><h5><span style=\"color: #482d8b;\">\u00a0Inauguraci\u00f3n\u00a0<\/span><\/h5><h6><span style=\"color: #482d8b;\"> 11:00 horas\u00a0<\/span><\/h6><p><span style=\"color: #8381f9;\"><strong>Graeme C. Clark<\/strong><\/span>, Embajador de Canad\u00e1 en M\u00e9xico<\/p><p><span lang=\"EN-US\"><strong><span style=\"color: #8381f9;\">Elizabeth Andersen<\/span><\/strong>, Directora Ejecutiva de The World Justice Project<\/span><\/p><p><strong><span style=\"color: #8381f9;\">Carola Garc\u00eda<\/span><\/strong>, Directora de la Facultad de Ciencias Pol\u00edticas y Sociales de la UNAM<\/p><p><strong><span style=\"color: #8381f9;\">Karla Valverde<\/span><\/strong>, Coordinadora del Programa de Posgrados en Ciencias Pol\u00edticas y Sociales de la UNAM<\/p><p><strong><span style=\"color: #8381f9;\">Fernando Ayala<\/span><\/strong>, Coordinador del Centro de Estudios Pol\u00edticos de la Facultad de Ciencias Pol\u00edticas y Sociales de la UNAM<\/p><p><span style=\"color: #8381f9;\"><strong>Rebeca Aladro<\/strong><\/span>, Magistrada Presidenta del Tribunal Superior de Justicia del Estado de Hidalgo<\/p><p><span style=\"color: #8381f9;\"><strong>Ricardo Sodi<\/strong><\/span>, Magistrado Presidente del Poder Judicial del Estado de M\u00e9xico\u00a0\u00a0\u00a0\u00a0<\/p><p><span style=\"color: #8381f9;\"><strong>Arnulfo G\u00f3mez<\/strong><\/span>, Gobernador Pluricultural Ind\u00edgena del Estado de M\u00e9xico<\/p><p><span style=\"color: #8381f9;\"><strong>Dami\u00e1n Zepeda<\/strong><\/span>, Senador integrante de las Comisiones de Justicia, Puntos Constitucionales, Gobernaci\u00f3n del Senado de la \u00a0Rep\u00fablica.<\/p><p>\u00a0<\/p><h5><span style=\"color: #482d8b;\">Primera parte (Presentaci\u00f3n de los modelos que ofrecen los servicios de justicia alternativa)\u00a0 <\/span><\/h5><h6><span style=\"color: #482d8b;\">11:45 horas<\/span><\/h6><p><strong><span style=\"color: #8381f9;\">Nancy Guti\u00e9rrez<\/span><\/strong>, Directora General del Centro de Justicia Alternativa del Tribunal Superior de Justicia del Estado de Hidalgo<\/p><p><strong><span style=\"color: #8381f9;\">Mario Monta\u00f1o<\/span><\/strong>, Director Regional del Centro de Mediaci\u00f3n, Conciliaci\u00f3n y Justicia Restaurativa del Poder Judicial del Estado de M\u00e9xico<\/p><p><strong><span style=\"color: #8381f9;\">Eugenia Legorreta<\/span><\/strong>, Coordinadora del Programa de Interculturalidad y Asuntos Ind\u00edgenas de la IBERO de la Ciudad de M\u00e9xico<\/p><p><strong><span style=\"color: #8381f9;\">Claudette Commanda<\/span><\/strong>, Directora Ejecutiva de la Confederaci\u00f3n de Primeras Naciones de Centros de Educaci\u00f3n Cultural y Activista de derechos de las primeras naciones en Canad\u00e1<\/p><p><strong><span style=\"color: #8381f9;\">Martha Singer<\/span><\/strong>, Profesora Investigadora del Centro de Estudios Pol\u00edticos, Facultad de Ciencias Pol\u00edticas y Sociales de la UNAM<\/p><p>Modera:\u00a0<strong><span style=\"color: #8381f9;\">Lisandro Devoto<\/span><\/strong>, Profesor Investigador del Centro de Estudios Pol\u00edticos de la Facultad de Ciencias Pol\u00edticas y Sociales de la UNAM<\/p><p>\u00a0<\/p><h5><span style=\"color: #482d8b;\">Segunda parte (Intercambios y aprendizajes en torno a la resoluci\u00f3n de conflictos en comunidades ind\u00edgenas)<\/span><\/h5><h6><span style=\"color: #482d8b;\"> 13:00 horas<\/span><\/h6><p><strong><span style=\"color: #8381f9;\">Lidia \u00c1ngeles Doroteo<\/span><\/strong>, Facilitadora del Centro de Paz y Di\u00e1logo de San Juan Atzingo, Ocuilan del Estado de M\u00e9xico<\/p><p><strong><span style=\"color: #8381f9;\">Victoriano Laureano Bibiano<\/span><\/strong>, Delegado de Pueblo Nuevo y Facilitador del Centro de Paz y Di\u00e1logo de Pueblo Nuevo, Acambay del Estado de M\u00e9xico<\/p><p><strong><span style=\"color: #8381f9;\">Estela de la Cruz Beltr\u00e1n<\/span><\/strong>, Mediadora en la sede de Ixmiquilpan del Centro de Justicia Alternativa del Tribunal Superior de Justicia del Estado de Hidalgo<\/p><p><strong><span style=\"color: #8381f9;\">H\u00e9ctor\u00a0 Baxcajal Nopal<\/span><\/strong>, Mediador en la sede de Ixmiquilpan del Centro de Justicia Alternativa del Tribunal Superior de Justicia del Estado de Hidalgo<\/p><p><strong><span style=\"color: #8381f9;\">Ma\u00eft\u00e9e Saganash<\/span><\/strong>, Integrante y Defensora de la primera naci\u00f3n Cree, Provincia de Quebec, Canad\u00e1<\/p><p><strong><span style=\"color: #8381f9;\">Tina Armstrong<\/span><\/strong>, Facilitadora y Persona Mayor de la primera naci\u00f3n Bearskin Lake, Provincia de Ontario, Canad\u00e1<\/p><p>Modera: <strong><span style=\"color: #8381f9;\">Ana C\u00e1rdenas<\/span><\/strong>, Directora de Proyectos de Justicia de The World Justice Project\u00a0<\/p>\t\t\t\t\t\t\t\t<\/div>\n\t\t\t\t<\/div>\n\t\t\t\t\t<\/div>\n\t\t<\/div>\n\t\t\t\t\t<\/div>\n\t\t<\/section>\n\t\t\t\t<section class=\"elementor-section elementor-top-section elementor-element elementor-element-0553261 elementor-section-boxed elementor-section-height-default elementor-section-height-default\" data-id=\"0553261\" data-element_type=\"section\">\n\t\t\t\t\t\t<div class=\"elementor-container elementor-column-gap-default\">\n\t\t\t\t\t<div class=\"elementor-column elementor-col-100 elementor-top-column elementor-element elementor-element-1b824f5\" data-id=\"1b824f5\" data-element_type=\"column\">\n\t\t\t<div class=\"elementor-widget-wrap elementor-element-populated\">\n\t\t\t\t\t\t<div class=\"elementor-element elementor-element-78e3b10 elementor-align-center elementor-widget elementor-widget-button\" data-id=\"78e3b10\" data-element_type=\"widget\" data-widget_type=\"button.default\">\n\t\t\t\t<div class=\"elementor-widget-container\">\n\t\t\t\t\t\t\t\t\t<div class=\"elementor-button-wrapper\">\n\t\t\t\t\t<a class=\"elementor-button elementor-button-link elementor-size-lg\" href=\"https:\/\/bit.ly\/3uewPBA\" target=\"_blank\">\n\t\t\t\t\t\t<span class=\"elementor-button-content-wrapper\">\n\t\t\t\t\t\t\t\t\t<span class=\"elementor-button-text\">\u00a1Reg\u00edstrate!<\/span>\n\t\t\t\t\t<\/span>\n\t\t\t\t\t<\/a>\n\t\t\t\t<\/div>\n\t\t\t\t\t\t\t\t<\/div>\n\t\t\t\t<\/div>\n\t\t\t\t\t<\/div>\n\t\t<\/div>\n\t\t\t\t\t<\/div>\n\t\t<\/section>\n\t\t\t\t<\/div>","protected":false},"excerpt":{"rendered":"<p>\u00a1Reg\u00edstrate al seminario en l\u00ednea! En World Justice Project tenemos como misi\u00f3n principal la promoci\u00f3n del Estado de Derecho y la justicia centrada en las personas en M\u00e9xico y el mundo. Es por eso que desarrollamos una s\u00f3lida l\u00ednea de trabajo sobre el acceso a la justicia, incluyendo la justicia comunitaria o tradicional y las [&hellip;]<\/p>\n","protected":false},"author":3,"featured_media":4178,"comment_status":"closed","ping_status":"closed","sticky":false,"template":"","format":"standard","meta":{"footnotes":""},"categories":[1],"tags":[231,227,226],"class_list":["post-4161","post","type-post","status-publish","format-standard","has-post-thumbnail","hentry","category-noticias","tag-fondo-canada","tag-justicia-alternativa","tag-justicia-comunitaria"],"yoast_head":"<!-- This site is optimized with the Yoast SEO plugin v25.2 - https:\/\/yoast.com\/wordpress\/plugins\/seo\/ -->\n<title>Seminario Internacional sobre justicia comunitaria y tradicional con comunidades ind\u00edgenas de M\u00e9xico y Canad\u00e1 - World Justice Project (M\u00e9xico)<\/title>\n<meta name=\"robots\" content=\"index, follow, max-snippet:-1, max-image-preview:large, max-video-preview:-1\" \/>\n<link rel=\"canonical\" href=\"https:\/\/worldjusticeproject.mx\/en\/seminario-internacional-sobre-justicia-comunitaria-y-tradicional-con-comunidades-indigenas-de-mexico-y-canada\/\" \/>\n<meta property=\"og:locale\" content=\"en_US\" \/>\n<meta property=\"og:type\" content=\"article\" \/>\n<meta property=\"og:title\" content=\"Seminario Internacional sobre justicia comunitaria y tradicional con comunidades ind\u00edgenas de M\u00e9xico y Canad\u00e1 - World Justice Project (M\u00e9xico)\" \/>\n<meta property=\"og:description\" content=\"\u00a1Reg\u00edstrate al seminario en l\u00ednea! En World Justice Project tenemos como misi\u00f3n principal la promoci\u00f3n del Estado de Derecho y la justicia centrada en las personas en M\u00e9xico y el mundo. Es por eso que desarrollamos una s\u00f3lida l\u00ednea de trabajo sobre el acceso a la justicia, incluyendo la justicia comunitaria o tradicional y las [&hellip;]\" \/>\n<meta property=\"og:url\" content=\"https:\/\/worldjusticeproject.mx\/en\/seminario-internacional-sobre-justicia-comunitaria-y-tradicional-con-comunidades-indigenas-de-mexico-y-canada\/\" \/>\n<meta property=\"og:site_name\" content=\"World Justice Project (M\u00e9xico)\" \/>\n<meta property=\"article:published_time\" content=\"2024-02-13T16:18:40+00:00\" \/>\n<meta property=\"article:modified_time\" content=\"2024-02-14T19:05:58+00:00\" \/>\n<meta property=\"og:image\" content=\"https:\/\/worldjusticeproject.mx\/wp-content\/uploads\/2024\/02\/FC_Banner-Web-970x480.png\" \/>\n\t<meta property=\"og:image:width\" content=\"970\" \/>\n\t<meta property=\"og:image:height\" content=\"480\" \/>\n\t<meta property=\"og:image:type\" content=\"image\/png\" \/>\n<meta name=\"author\" content=\"World Justice Project M\u00e9xico\" \/>\n<meta name=\"twitter:card\" content=\"summary_large_image\" \/>\n<meta name=\"twitter:label1\" content=\"Written by\" \/>\n\t<meta name=\"twitter:data1\" content=\"World Justice Project M\u00e9xico\" \/>\n\t<meta name=\"twitter:label2\" content=\"Est. reading time\" \/>\n\t<meta name=\"twitter:data2\" content=\"5 minutes\" \/>\n<script type=\"application\/ld+json\" class=\"yoast-schema-graph\">{\"@context\":\"https:\/\/schema.org\",\"@graph\":[{\"@type\":\"WebPage\",\"@id\":\"https:\/\/worldjusticeproject.mx\/en\/seminario-internacional-sobre-justicia-comunitaria-y-tradicional-con-comunidades-indigenas-de-mexico-y-canada\/\",\"url\":\"https:\/\/worldjusticeproject.mx\/en\/seminario-internacional-sobre-justicia-comunitaria-y-tradicional-con-comunidades-indigenas-de-mexico-y-canada\/\",\"name\":\"Seminario Internacional sobre justicia comunitaria y tradicional con comunidades ind\u00edgenas de M\u00e9xico y Canad\u00e1 - World Justice Project (M\u00e9xico)\",\"isPartOf\":{\"@id\":\"https:\/\/worldjusticeproject.mx\/#website\"},\"primaryImageOfPage\":{\"@id\":\"https:\/\/worldjusticeproject.mx\/en\/seminario-internacional-sobre-justicia-comunitaria-y-tradicional-con-comunidades-indigenas-de-mexico-y-canada\/#primaryimage\"},\"image\":{\"@id\":\"https:\/\/worldjusticeproject.mx\/en\/seminario-internacional-sobre-justicia-comunitaria-y-tradicional-con-comunidades-indigenas-de-mexico-y-canada\/#primaryimage\"},\"thumbnailUrl\":\"https:\/\/worldjusticeproject.mx\/wp-content\/uploads\/2024\/02\/FC_Banner-Web.png\",\"datePublished\":\"2024-02-13T16:18:40+00:00\",\"dateModified\":\"2024-02-14T19:05:58+00:00\",\"author\":{\"@id\":\"https:\/\/worldjusticeproject.mx\/#\/schema\/person\/155294bf2fde995ea51844a0b1858af1\"},\"breadcrumb\":{\"@id\":\"https:\/\/worldjusticeproject.mx\/en\/seminario-internacional-sobre-justicia-comunitaria-y-tradicional-con-comunidades-indigenas-de-mexico-y-canada\/#breadcrumb\"},\"inLanguage\":\"en-US\",\"potentialAction\":[{\"@type\":\"ReadAction\",\"target\":[\"https:\/\/worldjusticeproject.mx\/en\/seminario-internacional-sobre-justicia-comunitaria-y-tradicional-con-comunidades-indigenas-de-mexico-y-canada\/\"]}]},{\"@type\":\"ImageObject\",\"inLanguage\":\"en-US\",\"@id\":\"https:\/\/worldjusticeproject.mx\/en\/seminario-internacional-sobre-justicia-comunitaria-y-tradicional-con-comunidades-indigenas-de-mexico-y-canada\/#primaryimage\",\"url\":\"https:\/\/worldjusticeproject.mx\/wp-content\/uploads\/2024\/02\/FC_Banner-Web.png\",\"contentUrl\":\"https:\/\/worldjusticeproject.mx\/wp-content\/uploads\/2024\/02\/FC_Banner-Web.png\",\"width\":2568,\"height\":1271},{\"@type\":\"BreadcrumbList\",\"@id\":\"https:\/\/worldjusticeproject.mx\/en\/seminario-internacional-sobre-justicia-comunitaria-y-tradicional-con-comunidades-indigenas-de-mexico-y-canada\/#breadcrumb\",\"itemListElement\":[{\"@type\":\"ListItem\",\"position\":1,\"name\":\"Home\",\"item\":\"https:\/\/worldjusticeproject.mx\/\"},{\"@type\":\"ListItem\",\"position\":2,\"name\":\"Seminario Internacional sobre justicia comunitaria y tradicional con comunidades ind\u00edgenas de M\u00e9xico y Canad\u00e1\"}]},{\"@type\":\"WebSite\",\"@id\":\"https:\/\/worldjusticeproject.mx\/#website\",\"url\":\"https:\/\/worldjusticeproject.mx\/\",\"name\":\"World Justice Project (M\u00e9xico)\",\"description\":\"Sitio web de la oficina en M\u00e9xico de la organizaci\u00f3n basada en Washington DC, Estados Unidos\",\"potentialAction\":[{\"@type\":\"SearchAction\",\"target\":{\"@type\":\"EntryPoint\",\"urlTemplate\":\"https:\/\/worldjusticeproject.mx\/?s={search_term_string}\"},\"query-input\":{\"@type\":\"PropertyValueSpecification\",\"valueRequired\":true,\"valueName\":\"search_term_string\"}}],\"inLanguage\":\"en-US\"},{\"@type\":\"Person\",\"@id\":\"https:\/\/worldjusticeproject.mx\/#\/schema\/person\/155294bf2fde995ea51844a0b1858af1\",\"name\":\"World Justice Project M\u00e9xico\",\"image\":{\"@type\":\"ImageObject\",\"inLanguage\":\"en-US\",\"@id\":\"https:\/\/worldjusticeproject.mx\/#\/schema\/person\/image\/\",\"url\":\"https:\/\/secure.gravatar.com\/avatar\/3f5d203e83f8a63f4f5b9750664b86564eef1320a626a96c7006222a1fd31f47?s=96&d=wp_user_avatar&r=g\",\"contentUrl\":\"https:\/\/secure.gravatar.com\/avatar\/3f5d203e83f8a63f4f5b9750664b86564eef1320a626a96c7006222a1fd31f47?s=96&d=wp_user_avatar&r=g\",\"caption\":\"World Justice Project M\u00e9xico\"},\"url\":\"https:\/\/worldjusticeproject.mx\/en\/author\/editor\/\"}]}<\/script>\n<!-- \/ Yoast SEO plugin. -->","yoast_head_json":{"title":"Seminario Internacional sobre justicia comunitaria y tradicional con comunidades ind\u00edgenas de M\u00e9xico y Canad\u00e1 - World Justice Project (M\u00e9xico)","robots":{"index":"index","follow":"follow","max-snippet":"max-snippet:-1","max-image-preview":"max-image-preview:large","max-video-preview":"max-video-preview:-1"},"canonical":"https:\/\/worldjusticeproject.mx\/en\/seminario-internacional-sobre-justicia-comunitaria-y-tradicional-con-comunidades-indigenas-de-mexico-y-canada\/","og_locale":"en_US","og_type":"article","og_title":"Seminario Internacional sobre justicia comunitaria y tradicional con comunidades ind\u00edgenas de M\u00e9xico y Canad\u00e1 - World Justice Project (M\u00e9xico)","og_description":"\u00a1Reg\u00edstrate al seminario en l\u00ednea! En World Justice Project tenemos como misi\u00f3n principal la promoci\u00f3n del Estado de Derecho y la justicia centrada en las personas en M\u00e9xico y el mundo. Es por eso que desarrollamos una s\u00f3lida l\u00ednea de trabajo sobre el acceso a la justicia, incluyendo la justicia comunitaria o tradicional y las [&hellip;]","og_url":"https:\/\/worldjusticeproject.mx\/en\/seminario-internacional-sobre-justicia-comunitaria-y-tradicional-con-comunidades-indigenas-de-mexico-y-canada\/","og_site_name":"World Justice Project (M\u00e9xico)","article_published_time":"2024-02-13T16:18:40+00:00","article_modified_time":"2024-02-14T19:05:58+00:00","og_image":[{"width":970,"height":480,"url":"https:\/\/worldjusticeproject.mx\/wp-content\/uploads\/2024\/02\/FC_Banner-Web-970x480.png","type":"image\/png"}],"author":"World Justice Project M\u00e9xico","twitter_card":"summary_large_image","twitter_misc":{"Written by":"World Justice Project M\u00e9xico","Est. reading time":"5 minutes"},"schema":{"@context":"https:\/\/schema.org","@graph":[{"@type":"WebPage","@id":"https:\/\/worldjusticeproject.mx\/en\/seminario-internacional-sobre-justicia-comunitaria-y-tradicional-con-comunidades-indigenas-de-mexico-y-canada\/","url":"https:\/\/worldjusticeproject.mx\/en\/seminario-internacional-sobre-justicia-comunitaria-y-tradicional-con-comunidades-indigenas-de-mexico-y-canada\/","name":"Seminario Internacional sobre justicia comunitaria y tradicional con comunidades ind\u00edgenas de M\u00e9xico y Canad\u00e1 - World Justice Project (M\u00e9xico)","isPartOf":{"@id":"https:\/\/worldjusticeproject.mx\/#website"},"primaryImageOfPage":{"@id":"https:\/\/worldjusticeproject.mx\/en\/seminario-internacional-sobre-justicia-comunitaria-y-tradicional-con-comunidades-indigenas-de-mexico-y-canada\/#primaryimage"},"image":{"@id":"https:\/\/worldjusticeproject.mx\/en\/seminario-internacional-sobre-justicia-comunitaria-y-tradicional-con-comunidades-indigenas-de-mexico-y-canada\/#primaryimage"},"thumbnailUrl":"https:\/\/worldjusticeproject.mx\/wp-content\/uploads\/2024\/02\/FC_Banner-Web.png","datePublished":"2024-02-13T16:18:40+00:00","dateModified":"2024-02-14T19:05:58+00:00","author":{"@id":"https:\/\/worldjusticeproject.mx\/#\/schema\/person\/155294bf2fde995ea51844a0b1858af1"},"breadcrumb":{"@id":"https:\/\/worldjusticeproject.mx\/en\/seminario-internacional-sobre-justicia-comunitaria-y-tradicional-con-comunidades-indigenas-de-mexico-y-canada\/#breadcrumb"},"inLanguage":"en-US","potentialAction":[{"@type":"ReadAction","target":["https:\/\/worldjusticeproject.mx\/en\/seminario-internacional-sobre-justicia-comunitaria-y-tradicional-con-comunidades-indigenas-de-mexico-y-canada\/"]}]},{"@type":"ImageObject","inLanguage":"en-US","@id":"https:\/\/worldjusticeproject.mx\/en\/seminario-internacional-sobre-justicia-comunitaria-y-tradicional-con-comunidades-indigenas-de-mexico-y-canada\/#primaryimage","url":"https:\/\/worldjusticeproject.mx\/wp-content\/uploads\/2024\/02\/FC_Banner-Web.png","contentUrl":"https:\/\/worldjusticeproject.mx\/wp-content\/uploads\/2024\/02\/FC_Banner-Web.png","width":2568,"height":1271},{"@type":"BreadcrumbList","@id":"https:\/\/worldjusticeproject.mx\/en\/seminario-internacional-sobre-justicia-comunitaria-y-tradicional-con-comunidades-indigenas-de-mexico-y-canada\/#breadcrumb","itemListElement":[{"@type":"ListItem","position":1,"name":"Home","item":"https:\/\/worldjusticeproject.mx\/"},{"@type":"ListItem","position":2,"name":"Seminario Internacional sobre justicia comunitaria y tradicional con comunidades ind\u00edgenas de M\u00e9xico y Canad\u00e1"}]},{"@type":"WebSite","@id":"https:\/\/worldjusticeproject.mx\/#website","url":"https:\/\/worldjusticeproject.mx\/","name":"World Justice Project (M\u00e9xico)","description":"Sitio web de la oficina en M\u00e9xico de la organizaci\u00f3n basada en Washington DC, Estados Unidos","potentialAction":[{"@type":"SearchAction","target":{"@type":"EntryPoint","urlTemplate":"https:\/\/worldjusticeproject.mx\/?s={search_term_string}"},"query-input":{"@type":"PropertyValueSpecification","valueRequired":true,"valueName":"search_term_string"}}],"inLanguage":"en-US"},{"@type":"Person","@id":"https:\/\/worldjusticeproject.mx\/#\/schema\/person\/155294bf2fde995ea51844a0b1858af1","name":"World Justice Project M\u00e9xico","image":{"@type":"ImageObject","inLanguage":"en-US","@id":"https:\/\/worldjusticeproject.mx\/#\/schema\/person\/image\/","url":"https:\/\/secure.gravatar.com\/avatar\/3f5d203e83f8a63f4f5b9750664b86564eef1320a626a96c7006222a1fd31f47?s=96&d=wp_user_avatar&r=g","contentUrl":"https:\/\/secure.gravatar.com\/avatar\/3f5d203e83f8a63f4f5b9750664b86564eef1320a626a96c7006222a1fd31f47?s=96&d=wp_user_avatar&r=g","caption":"World Justice Project M\u00e9xico"},"url":"https:\/\/worldjusticeproject.mx\/en\/author\/editor\/"}]}},"_links":{"self":[{"href":"https:\/\/worldjusticeproject.mx\/en\/wp-json\/wp\/v2\/posts\/4161","targetHints":{"allow":["GET"]}}],"collection":[{"href":"https:\/\/worldjusticeproject.mx\/en\/wp-json\/wp\/v2\/posts"}],"about":[{"href":"https:\/\/worldjusticeproject.mx\/en\/wp-json\/wp\/v2\/types\/post"}],"author":[{"embeddable":true,"href":"https:\/\/worldjusticeproject.mx\/en\/wp-json\/wp\/v2\/users\/3"}],"replies":[{"embeddable":true,"href":"https:\/\/worldjusticeproject.mx\/en\/wp-json\/wp\/v2\/comments?post=4161"}],"version-history":[{"count":5,"href":"https:\/\/worldjusticeproject.mx\/en\/wp-json\/wp\/v2\/posts\/4161\/revisions"}],"predecessor-version":[{"id":4179,"href":"https:\/\/worldjusticeproject.mx\/en\/wp-json\/wp\/v2\/posts\/4161\/revisions\/4179"}],"wp:featuredmedia":[{"embeddable":true,"href":"https:\/\/worldjusticeproject.mx\/en\/wp-json\/wp\/v2\/media\/4178"}],"wp:attachment":[{"href":"https:\/\/worldjusticeproject.mx\/en\/wp-json\/wp\/v2\/media?parent=4161"}],"wp:term":[{"taxonomy":"category","embeddable":true,"href":"https:\/\/worldjusticeproject.mx\/en\/wp-json\/wp\/v2\/categories?post=4161"},{"taxonomy":"post_tag","embeddable":true,"href":"https:\/\/worldjusticeproject.mx\/en\/wp-json\/wp\/v2\/tags?post=4161"}],"curies":[{"name":"wp","href":"https:\/\/api.w.org\/{rel}","templated":true}]}}