{"id":4745,"date":"2024-02-21T21:29:45","date_gmt":"2024-02-22T03:29:45","guid":{"rendered":"https:\/\/worldjusticeproject.mx\/?p=4745"},"modified":"2024-10-16T16:16:34","modified_gmt":"2024-10-16T22:16:34","slug":"centros-de-paz-y-dialogo-un-modelo-de-justicia-alternativa-y-comunitaria-en-el-estado-de-mexico","status":"publish","type":"post","link":"https:\/\/worldjusticeproject.mx\/en\/centros-de-paz-y-dialogo-un-modelo-de-justicia-alternativa-y-comunitaria-en-el-estado-de-mexico\/","title":{"rendered":"Centros de Paz y Di\u00e1logo: un modelo de justicia alternativa y comunitaria en el Estado de M\u00e9xico"},"content":{"rendered":"<div data-elementor-type=\"wp-post\" data-elementor-id=\"4745\" class=\"elementor elementor-4745\" data-elementor-post-type=\"post\">\n\t\t\t\t<div class=\"elementor-element elementor-element-0c21b99 e-flex e-con-boxed e-con e-parent\" data-id=\"0c21b99\" data-element_type=\"container\">\n\t\t\t\t\t<div class=\"e-con-inner\">\n\t\t\t\t<div class=\"elementor-element elementor-element-eef1e38 elementor-align-center elementor-widget elementor-widget-button\" data-id=\"eef1e38\" data-element_type=\"widget\" data-widget_type=\"button.default\">\n\t\t\t\t<div class=\"elementor-widget-container\">\n\t\t\t\t\t\t\t\t\t<div class=\"elementor-button-wrapper\">\n\t\t\t\t\t<a class=\"elementor-button elementor-button-link elementor-size-md\" href=\"https:\/\/bit.ly\/3T3h4Hc\" target=\"_blank\">\n\t\t\t\t\t\t<span class=\"elementor-button-content-wrapper\">\n\t\t\t\t\t\t\t\t\t<span class=\"elementor-button-text\">Explora el micrositio en espa\u00f1ol<\/span>\n\t\t\t\t\t<\/span>\n\t\t\t\t\t<\/a>\n\t\t\t\t<\/div>\n\t\t\t\t\t\t\t\t<\/div>\n\t\t\t\t<\/div>\n\t\t\t\t<div class=\"elementor-element elementor-element-acc3838 elementor-align-center elementor-widget elementor-widget-button\" data-id=\"acc3838\" data-element_type=\"widget\" data-widget_type=\"button.default\">\n\t\t\t\t<div class=\"elementor-widget-container\">\n\t\t\t\t\t\t\t\t\t<div class=\"elementor-button-wrapper\">\n\t\t\t\t\t<a class=\"elementor-button elementor-button-link elementor-size-md\" href=\"https:\/\/bit.ly\/4hcsO4j\" target=\"_blank\">\n\t\t\t\t\t\t<span class=\"elementor-button-content-wrapper\">\n\t\t\t\t\t\t\t\t\t<span class=\"elementor-button-text\">Explora el micrositio en ingl\u00e9s<\/span>\n\t\t\t\t\t<\/span>\n\t\t\t\t\t<\/a>\n\t\t\t\t<\/div>\n\t\t\t\t\t\t\t\t<\/div>\n\t\t\t\t<\/div>\n\t\t\t\t<div class=\"elementor-element elementor-element-32e84f4 elementor-widget elementor-widget-text-editor\" data-id=\"32e84f4\" data-element_type=\"widget\" data-widget_type=\"text-editor.default\">\n\t\t\t\t<div class=\"elementor-widget-container\">\n\t\t\t\t\t\t\t\t\t<p>Rufina V\u00e1zquez es de origen tlahuica, biling\u00fce, adulta mayor y con dificultad para caminar, por lo que utiliza un bast\u00f3n. Actualmente, enfrenta un conflicto familiar y de linderos de su terreno, por lo que tiene que trasladarse a la cabecera municipal de Ocuilan; viaje que le toma dos horas, ya sea en colectivo o en transporte p\u00fablico, para acudir a las oficinas del juez conciliador, siempre con la esperanza de que la puedan atender.<\/p><p>Los obst\u00e1culos que la se\u00f1ora Rufina tiene que sortear, para apenas tocar la puerta de la justicia, son varios: de distancia, costo, y posiblemente actitudinales, puesto que las personas de la cabecera hist\u00f3ricamente llaman a los sanjuaneros \u201cindios\u201d o \u201chuarachudos\u201d, es decir, enfrentan una discriminaci\u00f3n ling\u00fc\u00edstica y \u00e9tnica, por el uso de la lengua tlahuica. No obstante, estas poblaciones tienden a activar un mecanismo de justicia no jurisdiccional, ya sea a trav\u00e9s de una autoridad comunitaria o, incluso, de un mecanismo estructurado de mediaci\u00f3n o conciliaci\u00f3n que atiende a su organizaci\u00f3n social, cultural y pol\u00edtica comunitaria. En el Estado de M\u00e9xico, esto est\u00e1 a cargo de los <strong><span style=\"color: #482d8b;\">Centros de Paz y Di\u00e1logo<\/span><\/strong>.<\/p><p>El a\u00f1o pasado el <strong><span style=\"color: #482d8b;\">WJP<\/span><\/strong> obtuvo financiamiento de la<strong><span style=\"color: #482d8b;\"> Embajada de Canad\u00e1 en M\u00e9xico<\/span><\/strong> por medio del <strong><span style=\"color: #482d8b;\">Fondo Canad\u00e1<\/span><\/strong> para Iniciativas Locales (FCIL por sus siglas en espa\u00f1ol) para realizar el proyecto <span style=\"color: #0000ff;\"><a style=\"color: #0000ff;\" href=\"https:\/\/worldjusticeproject.mx\/centrosdepazydialogo\/\">\u201cEl fortalecimiento del acceso a la justicia de las comunidades ind\u00edgenas del Estado de M\u00e9xico a trav\u00e9s de los Centros de Paz y Di\u00e1logo\u201d<\/a><\/span>.<\/p>\t\t\t\t\t\t\t\t<\/div>\n\t\t\t\t<\/div>\n\t\t\t\t\t<\/div>\n\t\t\t\t<\/div>\n\t\t<div class=\"elementor-element elementor-element-824fe95 e-flex e-con-boxed e-con e-parent\" data-id=\"824fe95\" data-element_type=\"container\">\n\t\t\t\t\t<div class=\"e-con-inner\">\n\t\t\t\t<div class=\"elementor-element elementor-element-a479248 elementor-widget elementor-widget-text-editor\" data-id=\"a479248\" data-element_type=\"widget\" data-widget_type=\"text-editor.default\">\n\t\t\t\t<div class=\"elementor-widget-container\">\n\t\t\t\t\t\t\t\t\t<blockquote class=\"tiktok-embed\" style=\"max-width: 605px; min-width: 325px;\" cite=\"https:\/\/www.tiktok.com\/@wjpespanol\/video\/7304724953318837510\" data-video-id=\"7304724953318837510\"><section><a title=\"@wjpespanol\" href=\"https:\/\/www.tiktok.com\/@wjpespanol?refer=embed\" target=\"_blank\" rel=\"noopener\">@wjpespanol<\/a> Gracias al financiamiento de la Embajada de Canad\u00e1 en M\u00e9xico, comenzamos a trabajar en el proyecto\u00a0\u201cEl fortalecimiento del acceso a la justicia de las comunidades ind\u00edgenas del Estado de M\u00e9xico a trav\u00e9s de los Centros de Paz y Di\u00e1logo\u201d. Conoce mas en Worldjusticeproject.mx <a title=\"accesoalajusticia\" href=\"https:\/\/www.tiktok.com\/tag\/accesoalajusticia?refer=embed\" target=\"_blank\" rel=\"noopener\">#accesoalajusticia<\/a> <a title=\"A2J\" href=\"https:\/\/www.tiktok.com\/tag\/A2J?refer=embed\" target=\"_blank\" rel=\"noopener\">#A2J<\/a> <a title=\"justiciacomunitaria\" href=\"https:\/\/www.tiktok.com\/tag\/justiciacomunitaria?refer=embed\" target=\"_blank\" rel=\"noopener\">#justiciacomunitaria<\/a> <a title=\"justiciaalternativa\" href=\"https:\/\/www.tiktok.com\/tag\/justiciaalternativa?refer=embed\" target=\"_blank\" rel=\"noopener\">#justiciaalternativa<\/a> <a title=\"\u266c Percusi\u00f3n - Bell\u00f3nMaceiras\" href=\"https:\/\/www.tiktok.com\/music\/Percusi\u00f3n-7153865101089441793?refer=embed\" target=\"_blank\" rel=\"noopener\">\u266c Percusi\u00f3n &#8211; Bell\u00f3nMaceiras<\/a><\/section><\/blockquote>\n<script async src=\"https:\/\/www.tiktok.com\/embed.js\"><\/script>\n\nEste proyecto se centra en investigar el modelo de los <strong><span style=\"color: #482d8b;\">Centros de Paz y Di\u00e1logo del Estado de M\u00e9xico<\/span> <\/strong>(centros comunitarios de mediaci\u00f3n enfocados en ampliar el acceso a la justicia alternativa en comunidades ind\u00edgenas) y, en fortalecerlos a trav\u00e9s de intercambios de experiencias y aprendizajes entre mediadores ind\u00edgenas de distintos pa\u00edses.\t\t\t\t\t\t\t\t<\/div>\n\t\t\t\t<\/div>\n\t\t\t\t\t<\/div>\n\t\t\t\t<\/div>\n\t\t<div class=\"elementor-element elementor-element-19ab533 e-flex e-con-boxed e-con e-parent\" data-id=\"19ab533\" data-element_type=\"container\">\n\t\t\t\t\t<div class=\"e-con-inner\">\n\t\t\t\t<div class=\"elementor-element elementor-element-2dd67f9 elementor-widget elementor-widget-image\" data-id=\"2dd67f9\" data-element_type=\"widget\" data-widget_type=\"image.default\">\n\t\t\t\t<div class=\"elementor-widget-container\">\n\t\t\t\t\t\t\t\t\t\t\t\t\t\t\t<img fetchpriority=\"high\" decoding=\"async\" width=\"800\" height=\"778\" src=\"https:\/\/worldjusticeproject.mx\/wp-content\/uploads\/2024\/02\/Captura-de-pantalla-2024-02-20-a-las-22.25.43-970x943.png\" class=\"attachment-large size-large wp-image-4748\" alt=\"\" srcset=\"https:\/\/worldjusticeproject.mx\/wp-content\/uploads\/2024\/02\/Captura-de-pantalla-2024-02-20-a-las-22.25.43-970x943.png 970w, https:\/\/worldjusticeproject.mx\/wp-content\/uploads\/2024\/02\/Captura-de-pantalla-2024-02-20-a-las-22.25.43-470x457.png 470w, https:\/\/worldjusticeproject.mx\/wp-content\/uploads\/2024\/02\/Captura-de-pantalla-2024-02-20-a-las-22.25.43-170x165.png 170w, https:\/\/worldjusticeproject.mx\/wp-content\/uploads\/2024\/02\/Captura-de-pantalla-2024-02-20-a-las-22.25.43-768x747.png 768w, https:\/\/worldjusticeproject.mx\/wp-content\/uploads\/2024\/02\/Captura-de-pantalla-2024-02-20-a-las-22.25.43.png 1144w\" sizes=\"(max-width: 800px) 100vw, 800px\" \/>\t\t\t\t\t\t\t\t\t\t\t\t\t\t\t<\/div>\n\t\t\t\t<\/div>\n\t\t\t\t\t<\/div>\n\t\t\t\t<\/div>\n\t\t<div class=\"elementor-element elementor-element-1d6aeb2 e-flex e-con-boxed e-con e-parent\" data-id=\"1d6aeb2\" data-element_type=\"container\">\n\t\t\t\t\t<div class=\"e-con-inner\">\n\t\t\t\t<div class=\"elementor-element elementor-element-0bcb414 elementor-widget elementor-widget-text-editor\" data-id=\"0bcb414\" data-element_type=\"widget\" data-widget_type=\"text-editor.default\">\n\t\t\t\t<div class=\"elementor-widget-container\">\n\t\t\t\t\t\t\t\t\t<p>Los <strong><span style=\"color: #482d8b;\">Centros de Paz y Di\u00e1logo<\/span><\/strong> surgieron a partir de 2019 en el Estado de M\u00e9xico y son un espacio comunitario en el que se resuelven conflictos a trav\u00e9s de la mediaci\u00f3n. Estos centros ayudan a superar distintos obst\u00e1culos, como la distancia, el costo, las barreras ling\u00fc\u00edsticas, los estereotipos y los procesos formalistas que las personas ind\u00edgenas enfrentan cuando tienen la necesidad de recurrir a la justicia.<\/p><p><strong><span style=\"color: #482d8b;\">Estos Centros de Paz y Di\u00e1logo los operan personas reconocidas y validadas al interior de su comunidad<\/span><\/strong>, que cuentan con experiencia en la gesti\u00f3n de conflictos en sus comunidades y utilizan herramientas propias de la justicia alternativa. La interacci\u00f3n entre las pr\u00e1cticas comunitarias y los principios de la justicia alternativa en estos centros propicia que sean considerados como espacios accesibles, \u00fatiles y con pertinencia cultural. Adem\u00e1s, <strong><span style=\"color: #482d8b;\">estos centros ayudan a las personas ind\u00edgenas a superar las distintas barreras que enfrentan para acceder a la justicia.<\/span><\/strong><\/p>\t\t\t\t\t\t\t\t<\/div>\n\t\t\t\t<\/div>\n\t\t\t\t\t<\/div>\n\t\t\t\t<\/div>\n\t\t<div class=\"elementor-element elementor-element-98df799 e-flex e-con-boxed e-con e-parent\" data-id=\"98df799\" data-element_type=\"container\">\n\t\t\t\t\t<div class=\"e-con-inner\">\n\t\t\t\t<div class=\"elementor-element elementor-element-b7845db elementor-widget elementor-widget-image\" data-id=\"b7845db\" data-element_type=\"widget\" data-widget_type=\"image.default\">\n\t\t\t\t<div class=\"elementor-widget-container\">\n\t\t\t\t\t\t\t\t\t\t\t\t\t\t\t<img decoding=\"async\" width=\"800\" height=\"534\" src=\"https:\/\/worldjusticeproject.mx\/wp-content\/uploads\/2024\/02\/IMG_4216-2-970x647.jpg\" class=\"attachment-large size-large wp-image-4749\" alt=\"\" srcset=\"https:\/\/worldjusticeproject.mx\/wp-content\/uploads\/2024\/02\/IMG_4216-2-970x647.jpg 970w, https:\/\/worldjusticeproject.mx\/wp-content\/uploads\/2024\/02\/IMG_4216-2-470x313.jpg 470w, https:\/\/worldjusticeproject.mx\/wp-content\/uploads\/2024\/02\/IMG_4216-2-170x113.jpg 170w, https:\/\/worldjusticeproject.mx\/wp-content\/uploads\/2024\/02\/IMG_4216-2-768x512.jpg 768w, https:\/\/worldjusticeproject.mx\/wp-content\/uploads\/2024\/02\/IMG_4216-2-1536x1024.jpg 1536w, https:\/\/worldjusticeproject.mx\/wp-content\/uploads\/2024\/02\/IMG_4216-2.jpg 2000w\" sizes=\"(max-width: 800px) 100vw, 800px\" \/>\t\t\t\t\t\t\t\t\t\t\t\t\t\t\t<\/div>\n\t\t\t\t<\/div>\n\t\t\t\t\t<\/div>\n\t\t\t\t<\/div>\n\t\t<div class=\"elementor-element elementor-element-97da8ae e-flex e-con-boxed e-con e-parent\" data-id=\"97da8ae\" data-element_type=\"container\">\n\t\t\t\t\t<div class=\"e-con-inner\">\n\t\t\t\t<div class=\"elementor-element elementor-element-5a2a1c3 elementor-widget elementor-widget-text-editor\" data-id=\"5a2a1c3\" data-element_type=\"widget\" data-widget_type=\"text-editor.default\">\n\t\t\t\t<div class=\"elementor-widget-container\">\n\t\t\t\t\t\t\t\t\t<p>Al margen de estos beneficios, <span style=\"color: #482d8b;\"><strong>los Centros enfrentan distintos retos que giran en torno a su sostenibilidad, as\u00ed como desaf\u00edos significativos en cuanto a su arropamiento por parte de las propias comunidades y al respaldo presupuestario y reconocimiento jur\u00eddico que les brinda el Poder Judicial del Estado de M\u00e9xico y de los Ayuntamientos.<\/strong><\/span><\/p><p><strong><span style=\"color: #482d8b;\">Los Centros de Paz y Di\u00e1logo ampl\u00edan el derecho de las personas ind\u00edgenas de acceder a la justicia, al constituir un espacio \u00fatil para la resoluci\u00f3n de conflictos a trav\u00e9s del di\u00e1logo, en un formato accesible y con pertinencia cultural.<\/span> <\/strong>Conflictos que tratan sobre distintos temas, desde disputas agrarias, familiares, conflictos penales hasta el acceso a servicios b\u00e1sicos. Cuando no pueden atender conflictos m\u00e1s graves como la violencia contra las ni\u00f1as y mujeres, las personas obtienen orientaci\u00f3n legal acerca de las v\u00edas o instancias a las que pueden acudir.<\/p>\t\t\t\t\t\t\t\t<\/div>\n\t\t\t\t<\/div>\n\t\t\t\t\t<\/div>\n\t\t\t\t<\/div>\n\t\t<div class=\"elementor-element elementor-element-41c94cc e-flex e-con-boxed e-con e-parent\" data-id=\"41c94cc\" data-element_type=\"container\">\n\t\t\t\t\t<div class=\"e-con-inner\">\n\t\t\t\t<div class=\"elementor-element elementor-element-2c943a3 elementor-widget elementor-widget-image\" data-id=\"2c943a3\" data-element_type=\"widget\" data-widget_type=\"image.default\">\n\t\t\t\t<div class=\"elementor-widget-container\">\n\t\t\t\t\t\t\t\t\t\t\t\t\t\t\t<img decoding=\"async\" width=\"800\" height=\"600\" src=\"https:\/\/worldjusticeproject.mx\/wp-content\/uploads\/2024\/02\/IMG_3723-970x728.jpg\" class=\"attachment-large size-large wp-image-4750\" alt=\"\" srcset=\"https:\/\/worldjusticeproject.mx\/wp-content\/uploads\/2024\/02\/IMG_3723-970x728.jpg 970w, https:\/\/worldjusticeproject.mx\/wp-content\/uploads\/2024\/02\/IMG_3723-470x353.jpg 470w, https:\/\/worldjusticeproject.mx\/wp-content\/uploads\/2024\/02\/IMG_3723-170x128.jpg 170w, https:\/\/worldjusticeproject.mx\/wp-content\/uploads\/2024\/02\/IMG_3723-768x576.jpg 768w, https:\/\/worldjusticeproject.mx\/wp-content\/uploads\/2024\/02\/IMG_3723-1536x1152.jpg 1536w, https:\/\/worldjusticeproject.mx\/wp-content\/uploads\/2024\/02\/IMG_3723.jpg 2000w\" sizes=\"(max-width: 800px) 100vw, 800px\" \/>\t\t\t\t\t\t\t\t\t\t\t\t\t\t\t<\/div>\n\t\t\t\t<\/div>\n\t\t\t\t\t<\/div>\n\t\t\t\t<\/div>\n\t\t<div class=\"elementor-element elementor-element-486a80c e-flex e-con-boxed e-con e-parent\" data-id=\"486a80c\" data-element_type=\"container\">\n\t\t\t\t\t<div class=\"e-con-inner\">\n\t\t\t\t<div class=\"elementor-element elementor-element-cd292a5 elementor-widget elementor-widget-text-editor\" data-id=\"cd292a5\" data-element_type=\"widget\" data-widget_type=\"text-editor.default\">\n\t\t\t\t<div class=\"elementor-widget-container\">\n\t\t\t\t\t\t\t\t\t<p>Aunado a esto, <span style=\"color: #482d8b;\"><strong>es importante considerar que, a nivel global, se han identificado dos obst\u00e1culos que impiden a las personas acceder a la justicia formal: la falta de conocimiento de sus derechos y la falta de documentos jur\u00eddicos que permiten activar la resoluci\u00f3n de un conflicto, como lo es un acta de nacimiento, o una escritura que ampara la propiedad, de entre otros.<\/strong><\/span> En los Centros, las personas adquieren la informaci\u00f3n necesaria para decidir de manera informada si eligen la v\u00eda alternativa u otra para resolver su necesidad de justicia. Adem\u00e1s, para atender a las personas, las personas mediadoras se centran en resolver el problema, dejando las exigencias legales en un lugar secundario.<\/p>\t\t\t\t\t\t\t\t<\/div>\n\t\t\t\t<\/div>\n\t\t\t\t<div class=\"elementor-element elementor-element-b472459 elementor-widget elementor-widget-image\" data-id=\"b472459\" data-element_type=\"widget\" data-widget_type=\"image.default\">\n\t\t\t\t<div class=\"elementor-widget-container\">\n\t\t\t\t\t\t\t\t\t\t\t\t\t\t\t<img loading=\"lazy\" decoding=\"async\" width=\"800\" height=\"534\" src=\"https:\/\/worldjusticeproject.mx\/wp-content\/uploads\/2024\/02\/IMG_4141-970x647.jpg\" class=\"attachment-large size-large wp-image-4751\" alt=\"\" srcset=\"https:\/\/worldjusticeproject.mx\/wp-content\/uploads\/2024\/02\/IMG_4141-970x647.jpg 970w, https:\/\/worldjusticeproject.mx\/wp-content\/uploads\/2024\/02\/IMG_4141-470x313.jpg 470w, https:\/\/worldjusticeproject.mx\/wp-content\/uploads\/2024\/02\/IMG_4141-170x113.jpg 170w, https:\/\/worldjusticeproject.mx\/wp-content\/uploads\/2024\/02\/IMG_4141-768x512.jpg 768w, https:\/\/worldjusticeproject.mx\/wp-content\/uploads\/2024\/02\/IMG_4141-1536x1024.jpg 1536w, https:\/\/worldjusticeproject.mx\/wp-content\/uploads\/2024\/02\/IMG_4141.jpg 2000w\" sizes=\"(max-width: 800px) 100vw, 800px\" \/>\t\t\t\t\t\t\t\t\t\t\t\t\t\t\t<\/div>\n\t\t\t\t<\/div>\n\t\t\t\t\t<\/div>\n\t\t\t\t<\/div>\n\t\t<div class=\"elementor-element elementor-element-55c4034 e-flex e-con-boxed e-con e-parent\" data-id=\"55c4034\" data-element_type=\"container\">\n\t\t\t\t\t<div class=\"e-con-inner\">\n\t\t\t\t<div class=\"elementor-element elementor-element-9c51cd2 elementor-widget elementor-widget-text-editor\" data-id=\"9c51cd2\" data-element_type=\"widget\" data-widget_type=\"text-editor.default\">\n\t\t\t\t<div class=\"elementor-widget-container\">\n\t\t\t\t\t\t\t\t\t<p>Para fortalecer el modelo de los Centros de Paz y Di\u00e1logo, esta investigaci\u00f3n incorpora un componente visual muy importante para visibilizar los Centros y, especialmente, a las personas que est\u00e1n vinculadas a estos. Entra a nuestro micrositio interactivo y conoce m\u00e1s sobre nuestro proyecto <span style=\"color: #0000ff;\"><a style=\"color: #0000ff;\" href=\"https:\/\/worldjusticeproject.mx\/centrosdepazydialogo\/\">\u201cLos Centros de Paz y Di\u00e1logo\u201d<\/a><\/span>.<\/p>\t\t\t\t\t\t\t\t<\/div>\n\t\t\t\t<\/div>\n\t\t\t\t\t<\/div>\n\t\t\t\t<\/div>\n\t\t<div class=\"elementor-element elementor-element-01d085f e-flex e-con-boxed e-con e-parent\" data-id=\"01d085f\" data-element_type=\"container\">\n\t\t\t\t\t<div class=\"e-con-inner\">\n\t\t\t\t<div class=\"elementor-element elementor-element-cb712ff elementor-align-center elementor-widget elementor-widget-button\" data-id=\"cb712ff\" data-element_type=\"widget\" data-widget_type=\"button.default\">\n\t\t\t\t<div class=\"elementor-widget-container\">\n\t\t\t\t\t\t\t\t\t<div class=\"elementor-button-wrapper\">\n\t\t\t\t\t<a class=\"elementor-button elementor-button-link elementor-size-md\" href=\"https:\/\/bit.ly\/3T3h4Hc\" target=\"_blank\">\n\t\t\t\t\t\t<span class=\"elementor-button-content-wrapper\">\n\t\t\t\t\t\t\t\t\t<span class=\"elementor-button-text\">Conoce nuestro reporte<\/span>\n\t\t\t\t\t<\/span>\n\t\t\t\t\t<\/a>\n\t\t\t\t<\/div>\n\t\t\t\t\t\t\t\t<\/div>\n\t\t\t\t<\/div>\n\t\t\t\t\t<\/div>\n\t\t\t\t<\/div>\n\t\t<div class=\"elementor-element elementor-element-927d187 e-flex e-con-boxed e-con e-parent\" data-id=\"927d187\" data-element_type=\"container\">\n\t\t\t\t\t<div class=\"e-con-inner\">\n\t\t\t\t<div class=\"elementor-element elementor-element-5b3e69e elementor-widget elementor-widget-text-editor\" data-id=\"5b3e69e\" data-element_type=\"widget\" data-widget_type=\"text-editor.default\">\n\t\t\t\t<div class=\"elementor-widget-container\">\n\t\t\t\t\t\t\t\t\t<p>En <strong><span style=\"color: #482d8b;\">World Justice Project<\/span><\/strong> tenemos como misi\u00f3n principal la promoci\u00f3n del Estado de derecho y la justicia centrada en las personas en M\u00e9xico y el mundo. Es por eso que desarrollamos una s\u00f3lida l\u00ednea de trabajo sobre el acceso a la justicia, incluyendo la justicia comunitaria o tradicional y las necesidades de justicia cotidiana.<\/p>\t\t\t\t\t\t\t\t<\/div>\n\t\t\t\t<\/div>\n\t\t\t\t\t<\/div>\n\t\t\t\t<\/div>\n\t\t\t\t<\/div>","protected":false},"excerpt":{"rendered":"<p>Explora el micrositio en espa\u00f1ol Explora el micrositio en ingl\u00e9s Rufina V\u00e1zquez es de origen tlahuica, biling\u00fce, adulta mayor y con dificultad para caminar, por lo que utiliza un bast\u00f3n. Actualmente, enfrenta un conflicto familiar y de linderos de su terreno, por lo que tiene que trasladarse a la cabecera municipal de Ocuilan; viaje que [&hellip;]<\/p>\n","protected":false},"author":3,"featured_media":4746,"comment_status":"closed","ping_status":"closed","sticky":false,"template":"","format":"standard","meta":{"footnotes":""},"categories":[178,179],"tags":[206],"class_list":["post-4745","post","type-post","status-publish","format-standard","has-post-thumbnail","hentry","category-investigacion","category-justicia-alternativa","tag-micrositio"],"yoast_head":"<!-- This site is optimized with the Yoast SEO plugin v25.2 - https:\/\/yoast.com\/wordpress\/plugins\/seo\/ -->\n<title>Centros de Paz y Di\u00e1logo: un modelo de justicia alternativa y comunitaria en el Estado de M\u00e9xico - World Justice Project (M\u00e9xico)<\/title>\n<meta name=\"robots\" content=\"index, follow, max-snippet:-1, max-image-preview:large, max-video-preview:-1\" \/>\n<link rel=\"canonical\" href=\"https:\/\/worldjusticeproject.mx\/en\/centros-de-paz-y-dialogo-un-modelo-de-justicia-alternativa-y-comunitaria-en-el-estado-de-mexico\/\" \/>\n<meta property=\"og:locale\" content=\"en_US\" \/>\n<meta property=\"og:type\" content=\"article\" \/>\n<meta property=\"og:title\" content=\"Centros de Paz y Di\u00e1logo: un modelo de justicia alternativa y comunitaria en el Estado de M\u00e9xico - World Justice Project (M\u00e9xico)\" \/>\n<meta property=\"og:description\" content=\"Explora el micrositio en espa\u00f1ol Explora el micrositio en ingl\u00e9s Rufina V\u00e1zquez es de origen tlahuica, biling\u00fce, adulta mayor y con dificultad para caminar, por lo que utiliza un bast\u00f3n. Actualmente, enfrenta un conflicto familiar y de linderos de su terreno, por lo que tiene que trasladarse a la cabecera municipal de Ocuilan; viaje que [&hellip;]\" \/>\n<meta property=\"og:url\" content=\"https:\/\/worldjusticeproject.mx\/en\/centros-de-paz-y-dialogo-un-modelo-de-justicia-alternativa-y-comunitaria-en-el-estado-de-mexico\/\" \/>\n<meta property=\"og:site_name\" content=\"World Justice Project (M\u00e9xico)\" \/>\n<meta property=\"article:published_time\" content=\"2024-02-22T03:29:45+00:00\" \/>\n<meta property=\"article:modified_time\" content=\"2024-10-16T22:16:34+00:00\" \/>\n<meta property=\"og:image\" content=\"https:\/\/worldjusticeproject.mx\/wp-content\/uploads\/2024\/02\/IMG_4294-970x681.jpg\" \/>\n\t<meta property=\"og:image:width\" content=\"970\" \/>\n\t<meta property=\"og:image:height\" content=\"681\" \/>\n\t<meta property=\"og:image:type\" content=\"image\/jpeg\" \/>\n<meta name=\"author\" content=\"World Justice Project M\u00e9xico\" \/>\n<meta name=\"twitter:card\" content=\"summary_large_image\" \/>\n<meta name=\"twitter:label1\" content=\"Written by\" \/>\n\t<meta name=\"twitter:data1\" content=\"World Justice Project M\u00e9xico\" \/>\n\t<meta name=\"twitter:label2\" content=\"Est. reading time\" \/>\n\t<meta name=\"twitter:data2\" content=\"5 minutes\" \/>\n<script type=\"application\/ld+json\" class=\"yoast-schema-graph\">{\"@context\":\"https:\/\/schema.org\",\"@graph\":[{\"@type\":\"WebPage\",\"@id\":\"https:\/\/worldjusticeproject.mx\/centros-de-paz-y-dialogo-un-modelo-de-justicia-alternativa-y-comunitaria-en-el-estado-de-mexico\/\",\"url\":\"https:\/\/worldjusticeproject.mx\/centros-de-paz-y-dialogo-un-modelo-de-justicia-alternativa-y-comunitaria-en-el-estado-de-mexico\/\",\"name\":\"Centros de Paz y Di\u00e1logo: un modelo de justicia alternativa y comunitaria en el Estado de M\u00e9xico - World Justice Project (M\u00e9xico)\",\"isPartOf\":{\"@id\":\"https:\/\/worldjusticeproject.mx\/#website\"},\"primaryImageOfPage\":{\"@id\":\"https:\/\/worldjusticeproject.mx\/centros-de-paz-y-dialogo-un-modelo-de-justicia-alternativa-y-comunitaria-en-el-estado-de-mexico\/#primaryimage\"},\"image\":{\"@id\":\"https:\/\/worldjusticeproject.mx\/centros-de-paz-y-dialogo-un-modelo-de-justicia-alternativa-y-comunitaria-en-el-estado-de-mexico\/#primaryimage\"},\"thumbnailUrl\":\"https:\/\/worldjusticeproject.mx\/wp-content\/uploads\/2024\/02\/IMG_4294-e1708621740883.jpg\",\"datePublished\":\"2024-02-22T03:29:45+00:00\",\"dateModified\":\"2024-10-16T22:16:34+00:00\",\"author\":{\"@id\":\"https:\/\/worldjusticeproject.mx\/#\/schema\/person\/4dd2561c1e4485d2ac2cb170f20b86d9\"},\"breadcrumb\":{\"@id\":\"https:\/\/worldjusticeproject.mx\/centros-de-paz-y-dialogo-un-modelo-de-justicia-alternativa-y-comunitaria-en-el-estado-de-mexico\/#breadcrumb\"},\"inLanguage\":\"en-US\",\"potentialAction\":[{\"@type\":\"ReadAction\",\"target\":[\"https:\/\/worldjusticeproject.mx\/centros-de-paz-y-dialogo-un-modelo-de-justicia-alternativa-y-comunitaria-en-el-estado-de-mexico\/\"]}]},{\"@type\":\"ImageObject\",\"inLanguage\":\"en-US\",\"@id\":\"https:\/\/worldjusticeproject.mx\/centros-de-paz-y-dialogo-un-modelo-de-justicia-alternativa-y-comunitaria-en-el-estado-de-mexico\/#primaryimage\",\"url\":\"https:\/\/worldjusticeproject.mx\/wp-content\/uploads\/2024\/02\/IMG_4294-e1708621740883.jpg\",\"contentUrl\":\"https:\/\/worldjusticeproject.mx\/wp-content\/uploads\/2024\/02\/IMG_4294-e1708621740883.jpg\",\"width\":1500,\"height\":1054},{\"@type\":\"BreadcrumbList\",\"@id\":\"https:\/\/worldjusticeproject.mx\/centros-de-paz-y-dialogo-un-modelo-de-justicia-alternativa-y-comunitaria-en-el-estado-de-mexico\/#breadcrumb\",\"itemListElement\":[{\"@type\":\"ListItem\",\"position\":1,\"name\":\"Home\",\"item\":\"https:\/\/worldjusticeproject.mx\/\"},{\"@type\":\"ListItem\",\"position\":2,\"name\":\"Centros de Paz y Di\u00e1logo: un modelo de justicia alternativa y comunitaria en el Estado de M\u00e9xico\"}]},{\"@type\":\"WebSite\",\"@id\":\"https:\/\/worldjusticeproject.mx\/#website\",\"url\":\"https:\/\/worldjusticeproject.mx\/\",\"name\":\"World Justice Project (M\u00e9xico)\",\"description\":\"Sitio web de la oficina en M\u00e9xico de la organizaci\u00f3n basada en Washington DC, Estados Unidos\",\"potentialAction\":[{\"@type\":\"SearchAction\",\"target\":{\"@type\":\"EntryPoint\",\"urlTemplate\":\"https:\/\/worldjusticeproject.mx\/?s={search_term_string}\"},\"query-input\":{\"@type\":\"PropertyValueSpecification\",\"valueRequired\":true,\"valueName\":\"search_term_string\"}}],\"inLanguage\":\"en-US\"},{\"@type\":\"Person\",\"@id\":\"https:\/\/worldjusticeproject.mx\/#\/schema\/person\/4dd2561c1e4485d2ac2cb170f20b86d9\",\"name\":\"World Justice Project M\u00e9xico\",\"image\":{\"@type\":\"ImageObject\",\"inLanguage\":\"en-US\",\"@id\":\"https:\/\/worldjusticeproject.mx\/#\/schema\/person\/image\/\",\"url\":\"https:\/\/secure.gravatar.com\/avatar\/3f5d203e83f8a63f4f5b9750664b86564eef1320a626a96c7006222a1fd31f47?s=96&d=wp_user_avatar&r=g\",\"contentUrl\":\"https:\/\/secure.gravatar.com\/avatar\/3f5d203e83f8a63f4f5b9750664b86564eef1320a626a96c7006222a1fd31f47?s=96&d=wp_user_avatar&r=g\",\"caption\":\"World Justice Project M\u00e9xico\"},\"url\":\"https:\/\/worldjusticeproject.mx\/en\/author\/editor\/\"}]}<\/script>\n<!-- \/ Yoast SEO plugin. -->","yoast_head_json":{"title":"Centros de Paz y Di\u00e1logo: un modelo de justicia alternativa y comunitaria en el Estado de M\u00e9xico - World Justice Project (M\u00e9xico)","robots":{"index":"index","follow":"follow","max-snippet":"max-snippet:-1","max-image-preview":"max-image-preview:large","max-video-preview":"max-video-preview:-1"},"canonical":"https:\/\/worldjusticeproject.mx\/en\/centros-de-paz-y-dialogo-un-modelo-de-justicia-alternativa-y-comunitaria-en-el-estado-de-mexico\/","og_locale":"en_US","og_type":"article","og_title":"Centros de Paz y Di\u00e1logo: un modelo de justicia alternativa y comunitaria en el Estado de M\u00e9xico - World Justice Project (M\u00e9xico)","og_description":"Explora el micrositio en espa\u00f1ol Explora el micrositio en ingl\u00e9s Rufina V\u00e1zquez es de origen tlahuica, biling\u00fce, adulta mayor y con dificultad para caminar, por lo que utiliza un bast\u00f3n. Actualmente, enfrenta un conflicto familiar y de linderos de su terreno, por lo que tiene que trasladarse a la cabecera municipal de Ocuilan; viaje que [&hellip;]","og_url":"https:\/\/worldjusticeproject.mx\/en\/centros-de-paz-y-dialogo-un-modelo-de-justicia-alternativa-y-comunitaria-en-el-estado-de-mexico\/","og_site_name":"World Justice Project (M\u00e9xico)","article_published_time":"2024-02-22T03:29:45+00:00","article_modified_time":"2024-10-16T22:16:34+00:00","og_image":[{"width":970,"height":681,"url":"https:\/\/worldjusticeproject.mx\/wp-content\/uploads\/2024\/02\/IMG_4294-970x681.jpg","type":"image\/jpeg"}],"author":"World Justice Project M\u00e9xico","twitter_card":"summary_large_image","twitter_misc":{"Written by":"World Justice Project M\u00e9xico","Est. reading time":"5 minutes"},"schema":{"@context":"https:\/\/schema.org","@graph":[{"@type":"WebPage","@id":"https:\/\/worldjusticeproject.mx\/centros-de-paz-y-dialogo-un-modelo-de-justicia-alternativa-y-comunitaria-en-el-estado-de-mexico\/","url":"https:\/\/worldjusticeproject.mx\/centros-de-paz-y-dialogo-un-modelo-de-justicia-alternativa-y-comunitaria-en-el-estado-de-mexico\/","name":"Centros de Paz y Di\u00e1logo: un modelo de justicia alternativa y comunitaria en el Estado de M\u00e9xico - World Justice Project (M\u00e9xico)","isPartOf":{"@id":"https:\/\/worldjusticeproject.mx\/#website"},"primaryImageOfPage":{"@id":"https:\/\/worldjusticeproject.mx\/centros-de-paz-y-dialogo-un-modelo-de-justicia-alternativa-y-comunitaria-en-el-estado-de-mexico\/#primaryimage"},"image":{"@id":"https:\/\/worldjusticeproject.mx\/centros-de-paz-y-dialogo-un-modelo-de-justicia-alternativa-y-comunitaria-en-el-estado-de-mexico\/#primaryimage"},"thumbnailUrl":"https:\/\/worldjusticeproject.mx\/wp-content\/uploads\/2024\/02\/IMG_4294-e1708621740883.jpg","datePublished":"2024-02-22T03:29:45+00:00","dateModified":"2024-10-16T22:16:34+00:00","author":{"@id":"https:\/\/worldjusticeproject.mx\/#\/schema\/person\/4dd2561c1e4485d2ac2cb170f20b86d9"},"breadcrumb":{"@id":"https:\/\/worldjusticeproject.mx\/centros-de-paz-y-dialogo-un-modelo-de-justicia-alternativa-y-comunitaria-en-el-estado-de-mexico\/#breadcrumb"},"inLanguage":"en-US","potentialAction":[{"@type":"ReadAction","target":["https:\/\/worldjusticeproject.mx\/centros-de-paz-y-dialogo-un-modelo-de-justicia-alternativa-y-comunitaria-en-el-estado-de-mexico\/"]}]},{"@type":"ImageObject","inLanguage":"en-US","@id":"https:\/\/worldjusticeproject.mx\/centros-de-paz-y-dialogo-un-modelo-de-justicia-alternativa-y-comunitaria-en-el-estado-de-mexico\/#primaryimage","url":"https:\/\/worldjusticeproject.mx\/wp-content\/uploads\/2024\/02\/IMG_4294-e1708621740883.jpg","contentUrl":"https:\/\/worldjusticeproject.mx\/wp-content\/uploads\/2024\/02\/IMG_4294-e1708621740883.jpg","width":1500,"height":1054},{"@type":"BreadcrumbList","@id":"https:\/\/worldjusticeproject.mx\/centros-de-paz-y-dialogo-un-modelo-de-justicia-alternativa-y-comunitaria-en-el-estado-de-mexico\/#breadcrumb","itemListElement":[{"@type":"ListItem","position":1,"name":"Home","item":"https:\/\/worldjusticeproject.mx\/"},{"@type":"ListItem","position":2,"name":"Centros de Paz y Di\u00e1logo: un modelo de justicia alternativa y comunitaria en el Estado de M\u00e9xico"}]},{"@type":"WebSite","@id":"https:\/\/worldjusticeproject.mx\/#website","url":"https:\/\/worldjusticeproject.mx\/","name":"World Justice Project (M\u00e9xico)","description":"Sitio web de la oficina en M\u00e9xico de la organizaci\u00f3n basada en Washington DC, Estados Unidos","potentialAction":[{"@type":"SearchAction","target":{"@type":"EntryPoint","urlTemplate":"https:\/\/worldjusticeproject.mx\/?s={search_term_string}"},"query-input":{"@type":"PropertyValueSpecification","valueRequired":true,"valueName":"search_term_string"}}],"inLanguage":"en-US"},{"@type":"Person","@id":"https:\/\/worldjusticeproject.mx\/#\/schema\/person\/4dd2561c1e4485d2ac2cb170f20b86d9","name":"World Justice Project M\u00e9xico","image":{"@type":"ImageObject","inLanguage":"en-US","@id":"https:\/\/worldjusticeproject.mx\/#\/schema\/person\/image\/","url":"https:\/\/secure.gravatar.com\/avatar\/3f5d203e83f8a63f4f5b9750664b86564eef1320a626a96c7006222a1fd31f47?s=96&d=wp_user_avatar&r=g","contentUrl":"https:\/\/secure.gravatar.com\/avatar\/3f5d203e83f8a63f4f5b9750664b86564eef1320a626a96c7006222a1fd31f47?s=96&d=wp_user_avatar&r=g","caption":"World Justice Project M\u00e9xico"},"url":"https:\/\/worldjusticeproject.mx\/en\/author\/editor\/"}]}},"_links":{"self":[{"href":"https:\/\/worldjusticeproject.mx\/en\/wp-json\/wp\/v2\/posts\/4745","targetHints":{"allow":["GET"]}}],"collection":[{"href":"https:\/\/worldjusticeproject.mx\/en\/wp-json\/wp\/v2\/posts"}],"about":[{"href":"https:\/\/worldjusticeproject.mx\/en\/wp-json\/wp\/v2\/types\/post"}],"author":[{"embeddable":true,"href":"https:\/\/worldjusticeproject.mx\/en\/wp-json\/wp\/v2\/users\/3"}],"replies":[{"embeddable":true,"href":"https:\/\/worldjusticeproject.mx\/en\/wp-json\/wp\/v2\/comments?post=4745"}],"version-history":[{"count":5,"href":"https:\/\/worldjusticeproject.mx\/en\/wp-json\/wp\/v2\/posts\/4745\/revisions"}],"predecessor-version":[{"id":5617,"href":"https:\/\/worldjusticeproject.mx\/en\/wp-json\/wp\/v2\/posts\/4745\/revisions\/5617"}],"wp:featuredmedia":[{"embeddable":true,"href":"https:\/\/worldjusticeproject.mx\/en\/wp-json\/wp\/v2\/media\/4746"}],"wp:attachment":[{"href":"https:\/\/worldjusticeproject.mx\/en\/wp-json\/wp\/v2\/media?parent=4745"}],"wp:term":[{"taxonomy":"category","embeddable":true,"href":"https:\/\/worldjusticeproject.mx\/en\/wp-json\/wp\/v2\/categories?post=4745"},{"taxonomy":"post_tag","embeddable":true,"href":"https:\/\/worldjusticeproject.mx\/en\/wp-json\/wp\/v2\/tags?post=4745"}],"curies":[{"name":"wp","href":"https:\/\/api.w.org\/{rel}","templated":true}]}}