{"id":4851,"date":"2024-05-22T18:20:29","date_gmt":"2024-05-23T00:20:29","guid":{"rendered":"https:\/\/worldjusticeproject.mx\/?p=4851"},"modified":"2024-06-04T19:03:54","modified_gmt":"2024-06-05T01:03:54","slug":"foro-justicia-incluyente-para-la-cdmx-evalua-propuestas-de-candidatos-a-la-jefatura-de-gobierno-para-mejorar-el-acceso-y-calidad-de-la-justicia","status":"publish","type":"post","link":"https:\/\/worldjusticeproject.mx\/en\/foro-justicia-incluyente-para-la-cdmx-evalua-propuestas-de-candidatos-a-la-jefatura-de-gobierno-para-mejorar-el-acceso-y-calidad-de-la-justicia\/","title":{"rendered":"Foro Justicia incluyente para la CDMX eval\u00faa propuestas de candidatos a la Jefatura de Gobierno para mejorar el acceso y calidad de la justicia"},"content":{"rendered":"<div data-elementor-type=\"wp-post\" data-elementor-id=\"4851\" class=\"elementor elementor-4851\" data-elementor-post-type=\"post\">\n\t\t\t\t<div class=\"elementor-element elementor-element-0e302a1 e-flex e-con-boxed e-con e-parent\" data-id=\"0e302a1\" data-element_type=\"container\">\n\t\t\t\t\t<div class=\"e-con-inner\">\n\t\t\t\t<div class=\"elementor-element elementor-element-0f02776 elementor-widget elementor-widget-text-editor\" data-id=\"0f02776\" data-element_type=\"widget\" data-widget_type=\"text-editor.default\">\n\t\t\t\t<div class=\"elementor-widget-container\">\n\t\t\t\t\t\t\t\t\t<ul><li dir=\"ltr\" aria-level=\"1\"><p dir=\"ltr\" role=\"presentation\"><em>Destacadas personas expertas y acad\u00e9micas discutieron sobre los retos y oportunidades para mejorar el acceso a la justicia en la ciudad.\u00a0<\/em><\/p><\/li><li dir=\"ltr\" aria-level=\"1\"><p dir=\"ltr\" role=\"presentation\"><em>Es la primera vez que cuatro asociaciones l\u00edderes de la sociedad civil en el tema de justicia colaboran en formular una agenda com\u00fan para la impartici\u00f3n de justicia en la CDMX.\u00a0<\/em><\/p><\/li><li dir=\"ltr\" aria-level=\"1\"><p dir=\"ltr\" role=\"presentation\"><em>Las y los participantes se comprometieron a trabajar de manera continua en aras de mejorar el sistema de justicia penal de la Ciudad.<\/em><\/p><\/li><\/ul>\t\t\t\t\t\t\t\t<\/div>\n\t\t\t\t<\/div>\n\t\t\t\t\t<\/div>\n\t\t\t\t<\/div>\n\t\t<div class=\"elementor-element elementor-element-fbcd38f e-flex e-con-boxed e-con e-parent\" data-id=\"fbcd38f\" data-element_type=\"container\">\n\t\t\t\t\t<div class=\"e-con-inner\">\n\t\t\t\t<div class=\"elementor-element elementor-element-ee96759 elementor-widget elementor-widget-text-editor\" data-id=\"ee96759\" data-element_type=\"widget\" data-widget_type=\"text-editor.default\">\n\t\t\t\t<div class=\"elementor-widget-container\">\n\t\t\t\t\t\t\t\t\t<p dir=\"ltr\"><strong>Ciuda<\/strong><b>d de M\u00e9xico a 21 de mayo de 2024.<\/b>&#8211; En un evento sin precedentes, cuatro emblem\u00e1ticas asociaciones de la sociedad civil (Coraz\u00f3n Capital, M\u00e9xico Eval\u00faa, M\u00e9xico Unido contra la Delincuencia y el World Justice Project) unen su conocimiento y experiencia en un empe\u00f1o por promover el acceso a la justicia transparente y equitativa. Esta sinergia representa un punto de inflexi\u00f3n en el compromiso por garantizar un sistema judicial accesible para todas y todos los ciudadanos. Personas directivas y expertas de dichas asociaciones expusieron datos de sus investigaciones y diversos enfoques, con el objetivo de explorar v\u00edas de colaboraci\u00f3n y estrategias, ante las candidaturas a la Jefatura de Gobierno de la Ciudad de M\u00e9xico.\u00a0<\/p><p dir=\"ltr\">El evento, titulado <strong><span style=\"color: #482d8b;\">Foro Justicia incluyente para la CDMX<\/span><\/strong>, destac\u00f3 la importancia de la colaboraci\u00f3n entre sociedad civil y autoridades para asegurar un sistema judicial accesible, \u00e1gil, transparente y eficiente. A lo largo de las tres mesas de discusi\u00f3n, donde participaron representantes de cada una de las asociaciones, la academia, l\u00edderes de opini\u00f3n y las candidaturas, se subray\u00f3 que la correcta impartici\u00f3n de justicia no solo recae en el gobierno, sino que requiere una participaci\u00f3n de todos los sectores de la sociedad.\u00a0<\/p><p><span id=\"docs-internal-guid-7faedc95-7fff-d634-6642-0a50805c4bf4\">La primera mesa fue moderada por la periodista <strong><span style=\"color: #482d8b;\">Ana Francisca Vega<\/span><\/strong> y cont\u00f3 con la participaci\u00f3n de<strong><span style=\"color: #482d8b;\"> Mariana Campos<\/span><\/strong> y <strong><span style=\"color: #482d8b;\">Susana Camacho<\/span> <\/strong>de <strong><span style=\"color: #482d8b;\">M\u00e9xico Eval\u00faa<\/span><\/strong>, la reconocida editorialista, <strong><span style=\"color: #482d8b;\">Ana Laura Magaloni<\/span><\/strong>, y<strong> <span style=\"color: #482d8b;\">Salom\u00f3n Chertorivski<\/span><\/strong> de <strong><span style=\"color: #482d8b;\">Movimiento Ciudadano<\/span><\/strong>. <\/span><\/p><p><span id=\"docs-internal-guid-7faedc95-7fff-d634-6642-0a50805c4bf4\">Durante su participaci\u00f3n, <strong><span style=\"color: #482d8b;\">Mariana Campos, directora general de M\u00e9xico Eval\u00faa<\/span>,<\/strong> mencion\u00f3 que <strong><em>la cifra negra \u2013entendida como la proporci\u00f3n de delitos que no se investigan ni se denuncian\u2013 es del 92%. Extorsi\u00f3n, con 97.8%, es el delito con menor denuncia, seguido por delitos que suceden en los hogares y que afectan particularmente a mujeres y ni\u00f1as, como el hostigamiento sexual, con un 96.7% y violaci\u00f3n, con un 91.2%. Es relevante evidenciar que el 75.3% de las razones por las cuales las personas no denuncian son atribuibles a la falta de confianza en las autoridades.<\/em><\/strong><\/span><\/p><p dir=\"ltr\">Por su parte,<strong><span style=\"color: #482d8b;\"> Susana Camacho, co-coordinadora del programa de justicia<\/span> <\/strong>de la misma organizaci\u00f3n, coment\u00f3 que <strong><em>en la capital del pa\u00eds el 63% de casos terminan en el archivo temporal y que la reparaci\u00f3n del da\u00f1o a las v\u00edctimas es escasa. Hizo \u00e9nfasis en que los procesos de la fiscal\u00eda capitalina son poco eficientes y en que se sigue dando prioridad a la prisi\u00f3n preventiva, que en el caso de la CDMX es de 56%.<\/em><\/strong><\/p>\t\t\t\t\t\t\t\t<\/div>\n\t\t\t\t<\/div>\n\t\t\t\t<div class=\"elementor-element elementor-element-c095da1 elementor-widget elementor-widget-image\" data-id=\"c095da1\" data-element_type=\"widget\" data-widget_type=\"image.default\">\n\t\t\t\t<div class=\"elementor-widget-container\">\n\t\t\t\t\t\t\t\t\t\t\t\t\t\t\t<img fetchpriority=\"high\" decoding=\"async\" width=\"800\" height=\"534\" src=\"https:\/\/worldjusticeproject.mx\/wp-content\/uploads\/2024\/05\/194A9920-970x647.jpg\" class=\"attachment-large size-large wp-image-4855\" alt=\"\" srcset=\"https:\/\/worldjusticeproject.mx\/wp-content\/uploads\/2024\/05\/194A9920-970x647.jpg 970w, https:\/\/worldjusticeproject.mx\/wp-content\/uploads\/2024\/05\/194A9920-470x313.jpg 470w, https:\/\/worldjusticeproject.mx\/wp-content\/uploads\/2024\/05\/194A9920-170x113.jpg 170w, https:\/\/worldjusticeproject.mx\/wp-content\/uploads\/2024\/05\/194A9920-768x512.jpg 768w, https:\/\/worldjusticeproject.mx\/wp-content\/uploads\/2024\/05\/194A9920-1536x1024.jpg 1536w, https:\/\/worldjusticeproject.mx\/wp-content\/uploads\/2024\/05\/194A9920-2048x1365.jpg 2048w\" sizes=\"(max-width: 800px) 100vw, 800px\" \/>\t\t\t\t\t\t\t\t\t\t\t\t\t\t\t<\/div>\n\t\t\t\t<\/div>\n\t\t\t\t\t<\/div>\n\t\t\t\t<\/div>\n\t\t<div class=\"elementor-element elementor-element-1801a7c e-flex e-con-boxed e-con e-parent\" data-id=\"1801a7c\" data-element_type=\"container\">\n\t\t\t\t\t<div class=\"e-con-inner\">\n\t\t\t\t<div class=\"elementor-element elementor-element-b6f3a29 elementor-widget elementor-widget-text-editor\" data-id=\"b6f3a29\" data-element_type=\"widget\" data-widget_type=\"text-editor.default\">\n\t\t\t\t<div class=\"elementor-widget-container\">\n\t\t\t\t\t\t\t\t\t<p class=\"p1\" style=\"text-align: center;\"><span style=\"font-size: 10pt;\"><em>La periodista Ana Francisca Vega, el candidato Salom\u00f3n Chertorivski de Movimiento Ciudadano<b>, <\/b>la editorialista Ana Laura Magaloni y Mariana Campos y Susana Camacho de M\u00e9xico Eval\u00faa<\/em><\/span><\/p>\t\t\t\t\t\t\t\t<\/div>\n\t\t\t\t<\/div>\n\t\t\t\t\t<\/div>\n\t\t\t\t<\/div>\n\t\t<div class=\"elementor-element elementor-element-7bf02fe e-flex e-con-boxed e-con e-parent\" data-id=\"7bf02fe\" data-element_type=\"container\">\n\t\t\t\t\t<div class=\"e-con-inner\">\n\t\t\t\t<div class=\"elementor-element elementor-element-06391d7 elementor-widget elementor-widget-text-editor\" data-id=\"06391d7\" data-element_type=\"widget\" data-widget_type=\"text-editor.default\">\n\t\t\t\t<div class=\"elementor-widget-container\">\n\t\t\t\t\t\t\t\t\t<p><span id=\"docs-internal-guid-68861cc0-7fff-ed43-403e-7b528b7b7999\">Por su parte, <strong><span style=\"color: #482d8b;\">el candidato a jefe de gobierno, Salom\u00f3n Chertorivski<\/span><\/strong>, plante\u00f3 en su propuesta de pol\u00edtica de seguridad y justicia con cuatro ejes principales: 1) Pol\u00edtica criminal efectiva priorizando casos relevantes y con enfoque en la atenci\u00f3n a v\u00edctimas; 2) Consolidar una corporaci\u00f3n policial\u00a0 capacitada, con perspectiva de g\u00e9nero; 3) Mejorar paga y servicios de salud de las personas que operan el sistema de justicia penal; 4) Desarrollar capacidades de la polic\u00eda civil para recibir denuncias e investigar con tecnolog\u00eda y herramientas digitales. Tambi\u00e9n propuso reformas en el Congreso capitalino para fortalecer una fiscal\u00eda realmente aut\u00f3noma y que combata la impunidad.<\/span><\/p>\t\t\t\t\t\t\t\t<\/div>\n\t\t\t\t<\/div>\n\t\t\t\t<div class=\"elementor-element elementor-element-4c162a8 elementor-widget elementor-widget-image\" data-id=\"4c162a8\" data-element_type=\"widget\" data-widget_type=\"image.default\">\n\t\t\t\t<div class=\"elementor-widget-container\">\n\t\t\t\t\t\t\t\t\t\t\t\t\t\t\t<img decoding=\"async\" width=\"800\" height=\"534\" src=\"https:\/\/worldjusticeproject.mx\/wp-content\/uploads\/2024\/05\/194A9947-970x647.jpg\" class=\"attachment-large size-large wp-image-4854\" alt=\"Salomon Chertorivski\" srcset=\"https:\/\/worldjusticeproject.mx\/wp-content\/uploads\/2024\/05\/194A9947-970x647.jpg 970w, https:\/\/worldjusticeproject.mx\/wp-content\/uploads\/2024\/05\/194A9947-470x313.jpg 470w, https:\/\/worldjusticeproject.mx\/wp-content\/uploads\/2024\/05\/194A9947-170x113.jpg 170w, https:\/\/worldjusticeproject.mx\/wp-content\/uploads\/2024\/05\/194A9947-768x512.jpg 768w, https:\/\/worldjusticeproject.mx\/wp-content\/uploads\/2024\/05\/194A9947-1536x1024.jpg 1536w, https:\/\/worldjusticeproject.mx\/wp-content\/uploads\/2024\/05\/194A9947-2048x1365.jpg 2048w\" sizes=\"(max-width: 800px) 100vw, 800px\" \/>\t\t\t\t\t\t\t\t\t\t\t\t\t\t\t<\/div>\n\t\t\t\t<\/div>\n\t\t\t\t\t<\/div>\n\t\t\t\t<\/div>\n\t\t<div class=\"elementor-element elementor-element-65b59b9 e-flex e-con-boxed e-con e-parent\" data-id=\"65b59b9\" data-element_type=\"container\">\n\t\t\t\t\t<div class=\"e-con-inner\">\n\t\t\t\t<div class=\"elementor-element elementor-element-11707c7 elementor-widget elementor-widget-text-editor\" data-id=\"11707c7\" data-element_type=\"widget\" data-widget_type=\"text-editor.default\">\n\t\t\t\t<div class=\"elementor-widget-container\">\n\t\t\t\t\t\t\t\t\t<p style=\"text-align: center;\"><span style=\"font-size: 10pt;\"><em>La periodista Ana Francisca Vega, la editorialista Ana Laura Magaloni, Mariana Campos y Susana Camacho de M\u00e9xico Eval\u00faa y el candidato Salom\u00f3n Chertorivski de Movimiento Ciudadano<\/em><\/span><\/p>\t\t\t\t\t\t\t\t<\/div>\n\t\t\t\t<\/div>\n\t\t\t\t\t<\/div>\n\t\t\t\t<\/div>\n\t\t<div class=\"elementor-element elementor-element-16dd814 e-flex e-con-boxed e-con e-parent\" data-id=\"16dd814\" data-element_type=\"container\">\n\t\t\t\t\t<div class=\"e-con-inner\">\n\t\t\t\t<div class=\"elementor-element elementor-element-c99ec75 elementor-widget elementor-widget-text-editor\" data-id=\"c99ec75\" data-element_type=\"widget\" data-widget_type=\"text-editor.default\">\n\t\t\t\t<div class=\"elementor-widget-container\">\n\t\t\t\t\t\t\t\t\t<p>En la segunda mesa, titulada <strong><span style=\"color: #482d8b;\">\u201cAcceso a la Justicia en la CDMX\u201d<\/span><\/strong>, se dieron cita <strong><span style=\"color: #482d8b;\">Alejandra Gasca de M\u00e9xico Unido contra la Delincuencia<\/span><\/strong>,<strong><span style=\"color: #482d8b;\"> Juan Jes\u00fas Garza del Instituto de Investigaciones Jur\u00eddicas de la UNAM<\/span><\/strong>, y <strong><span style=\"color: #482d8b;\">la candidata Clara Brugada, de la coalici\u00f3n Morena-PVEM-PT<\/span><\/strong>. La mesa, moderada por <span style=\"color: #482d8b;\"><strong>Hern\u00e1n G\u00f3mez<\/strong><\/span>, brind\u00f3 a la audiencia luz sobre los retos que enfrenta el sistema.<\/p>\t\t\t\t\t\t\t\t<\/div>\n\t\t\t\t<\/div>\n\t\t\t\t\t<\/div>\n\t\t\t\t<\/div>\n\t\t<div class=\"elementor-element elementor-element-dc8cfaf e-flex e-con-boxed e-con e-parent\" data-id=\"dc8cfaf\" data-element_type=\"container\">\n\t\t\t\t\t<div class=\"e-con-inner\">\n\t\t\t\t<div class=\"elementor-element elementor-element-e29564a elementor-widget elementor-widget-image\" data-id=\"e29564a\" data-element_type=\"widget\" data-widget_type=\"image.default\">\n\t\t\t\t<div class=\"elementor-widget-container\">\n\t\t\t\t\t\t\t\t\t\t\t\t\t\t\t<img decoding=\"async\" width=\"800\" height=\"280\" src=\"https:\/\/worldjusticeproject.mx\/wp-content\/uploads\/2024\/05\/194A0132-scaled-e1717549426359-970x340.jpg\" class=\"attachment-large size-large wp-image-4856\" alt=\"\" srcset=\"https:\/\/worldjusticeproject.mx\/wp-content\/uploads\/2024\/05\/194A0132-scaled-e1717549426359-970x340.jpg 970w, https:\/\/worldjusticeproject.mx\/wp-content\/uploads\/2024\/05\/194A0132-scaled-e1717549426359-470x165.jpg 470w, https:\/\/worldjusticeproject.mx\/wp-content\/uploads\/2024\/05\/194A0132-scaled-e1717549426359-170x60.jpg 170w, https:\/\/worldjusticeproject.mx\/wp-content\/uploads\/2024\/05\/194A0132-scaled-e1717549426359-768x269.jpg 768w, https:\/\/worldjusticeproject.mx\/wp-content\/uploads\/2024\/05\/194A0132-scaled-e1717549426359.jpg 1500w\" sizes=\"(max-width: 800px) 100vw, 800px\" \/>\t\t\t\t\t\t\t\t\t\t\t\t\t\t\t<\/div>\n\t\t\t\t<\/div>\n\t\t\t\t<div class=\"elementor-element elementor-element-0b77e0a elementor-widget elementor-widget-text-editor\" data-id=\"0b77e0a\" data-element_type=\"widget\" data-widget_type=\"text-editor.default\">\n\t\t\t\t<div class=\"elementor-widget-container\">\n\t\t\t\t\t\t\t\t\t<p class=\"p1\" style=\"text-align: center;\"><em><span style=\"font-size: 10pt;\">Carlos Flores y Aur\u00e9lien Guilabert de Coraz\u00f3n Capital, el periodista Hern\u00e1n G\u00f3mez, la candidata Clara Brugada de la coalici\u00f3n Morena-PVEM-PT, Juan Jes\u00fas Garza del Instituto de Investigaciones Jur\u00eddicas de la UNAM y Alejandra Gasca de M\u00e9xico Unido contra la Delincuencia<\/span><\/em><\/p>\t\t\t\t\t\t\t\t<\/div>\n\t\t\t\t<\/div>\n\t\t\t\t\t<\/div>\n\t\t\t\t<\/div>\n\t\t<div class=\"elementor-element elementor-element-ba8e4cf e-flex e-con-boxed e-con e-parent\" data-id=\"ba8e4cf\" data-element_type=\"container\">\n\t\t\t\t\t<div class=\"e-con-inner\">\n\t\t\t\t<div class=\"elementor-element elementor-element-3c0d894 elementor-widget elementor-widget-text-editor\" data-id=\"3c0d894\" data-element_type=\"widget\" data-widget_type=\"text-editor.default\">\n\t\t\t\t<div class=\"elementor-widget-container\">\n\t\t\t\t\t\t\t\t\t<p>La ex alcaldesa de Iztapalapa propuso la creaci\u00f3n de un \u201cGabinete contra la Corrupci\u00f3n\u201d integrado por instituciones de seguridad, incluyendo, la sociedad civil y recalc\u00f3 que: <em><strong>\u201cvamos a hacer que la justicia c\u00edvica no est\u00e9 solo al lado de las agencias del Ministerio P\u00fablico para que juegue su funci\u00f3n m\u00e1s importante de resolver los conflictos a trav\u00e9s de otro tipo de m\u00e9todos y de mecanismos\u201d<\/strong><\/em>.<\/p>\t\t\t\t\t\t\t\t<\/div>\n\t\t\t\t<\/div>\n\t\t\t\t<div class=\"elementor-element elementor-element-bfe713e elementor-widget elementor-widget-image\" data-id=\"bfe713e\" data-element_type=\"widget\" data-widget_type=\"image.default\">\n\t\t\t\t<div class=\"elementor-widget-container\">\n\t\t\t\t\t\t\t\t\t\t\t\t\t\t\t<img loading=\"lazy\" decoding=\"async\" width=\"800\" height=\"534\" src=\"https:\/\/worldjusticeproject.mx\/wp-content\/uploads\/2024\/05\/194A0111-970x647.jpg\" class=\"attachment-large size-large wp-image-4857\" alt=\"\" srcset=\"https:\/\/worldjusticeproject.mx\/wp-content\/uploads\/2024\/05\/194A0111-970x647.jpg 970w, https:\/\/worldjusticeproject.mx\/wp-content\/uploads\/2024\/05\/194A0111-470x313.jpg 470w, https:\/\/worldjusticeproject.mx\/wp-content\/uploads\/2024\/05\/194A0111-170x113.jpg 170w, https:\/\/worldjusticeproject.mx\/wp-content\/uploads\/2024\/05\/194A0111-768x512.jpg 768w, https:\/\/worldjusticeproject.mx\/wp-content\/uploads\/2024\/05\/194A0111-1536x1024.jpg 1536w, https:\/\/worldjusticeproject.mx\/wp-content\/uploads\/2024\/05\/194A0111-2048x1365.jpg 2048w\" sizes=\"(max-width: 800px) 100vw, 800px\" \/>\t\t\t\t\t\t\t\t\t\t\t\t\t\t\t<\/div>\n\t\t\t\t<\/div>\n\t\t\t\t<div class=\"elementor-element elementor-element-2cec5ea elementor-widget elementor-widget-text-editor\" data-id=\"2cec5ea\" data-element_type=\"widget\" data-widget_type=\"text-editor.default\">\n\t\t\t\t<div class=\"elementor-widget-container\">\n\t\t\t\t\t\t\t\t\t<p style=\"text-align: center;\"><em><span style=\"font-size: 10pt;\">\u00a0El periodista Hern\u00e1n G\u00f3mez, la candidata Clara Brugada de la coalici\u00f3n Morena-PVEM-PT, Juan Jes\u00fas Garza del Instituto de Investigaciones Jur\u00eddicas de la UNAM y Alejandra Gasca de M\u00e9xico Unido contra la Delincuencia<\/span><\/em><\/p>\t\t\t\t\t\t\t\t<\/div>\n\t\t\t\t<\/div>\n\t\t\t\t\t<\/div>\n\t\t\t\t<\/div>\n\t\t<div class=\"elementor-element elementor-element-251e9b6 e-flex e-con-boxed e-con e-parent\" data-id=\"251e9b6\" data-element_type=\"container\">\n\t\t\t\t\t<div class=\"e-con-inner\">\n\t\t\t\t<div class=\"elementor-element elementor-element-91aa29a elementor-widget elementor-widget-text-editor\" data-id=\"91aa29a\" data-element_type=\"widget\" data-widget_type=\"text-editor.default\">\n\t\t\t\t<div class=\"elementor-widget-container\">\n\t\t\t\t\t\t\t\t\t<p><span id=\"docs-internal-guid-51ec7fd5-7fff-fede-ebdc-401d9ebc6cae\">Finalmente, la tercera mesa, moderada por <strong><span style=\"color: #482d8b;\">Salvador Camarena,<\/span><\/strong> reuni\u00f3 a <strong><span style=\"color: #482d8b;\">Alejandro Gonz\u00e1lez, del World Justice Project<\/span><\/strong>; <strong><span style=\"color: #482d8b;\">Laurence Pantin, de la Fundaci\u00f3n para la Justicia y el Estado Democr\u00e1tico de Derecho<\/span><\/strong> y <strong><span style=\"color: #482d8b;\">Santiago Taboada de la coalici\u00f3n PAN-PRI-PRD<\/span><\/strong>.<\/span><\/p>\t\t\t\t\t\t\t\t<\/div>\n\t\t\t\t<\/div>\n\t\t\t\t<div class=\"elementor-element elementor-element-e9d0a15 elementor-widget elementor-widget-image\" data-id=\"e9d0a15\" data-element_type=\"widget\" data-widget_type=\"image.default\">\n\t\t\t\t<div class=\"elementor-widget-container\">\n\t\t\t\t\t\t\t\t\t\t\t\t\t\t\t<img loading=\"lazy\" decoding=\"async\" width=\"800\" height=\"534\" src=\"https:\/\/worldjusticeproject.mx\/wp-content\/uploads\/2024\/05\/194A0167-970x647.jpg\" class=\"attachment-large size-large wp-image-4858\" alt=\"Foro Justicia Incluyente CDMX\" srcset=\"https:\/\/worldjusticeproject.mx\/wp-content\/uploads\/2024\/05\/194A0167-970x647.jpg 970w, https:\/\/worldjusticeproject.mx\/wp-content\/uploads\/2024\/05\/194A0167-470x313.jpg 470w, https:\/\/worldjusticeproject.mx\/wp-content\/uploads\/2024\/05\/194A0167-170x113.jpg 170w, https:\/\/worldjusticeproject.mx\/wp-content\/uploads\/2024\/05\/194A0167-768x512.jpg 768w, https:\/\/worldjusticeproject.mx\/wp-content\/uploads\/2024\/05\/194A0167-1536x1024.jpg 1536w, https:\/\/worldjusticeproject.mx\/wp-content\/uploads\/2024\/05\/194A0167-2048x1365.jpg 2048w\" sizes=\"(max-width: 800px) 100vw, 800px\" \/>\t\t\t\t\t\t\t\t\t\t\t\t\t\t\t<\/div>\n\t\t\t\t<\/div>\n\t\t\t\t<div class=\"elementor-element elementor-element-a04c761 elementor-widget elementor-widget-text-editor\" data-id=\"a04c761\" data-element_type=\"widget\" data-widget_type=\"text-editor.default\">\n\t\t\t\t<div class=\"elementor-widget-container\">\n\t\t\t\t\t\t\t\t\t<p class=\"p1\" style=\"text-align: center;\"><em><span style=\"font-size: 10pt;\">Alejandro Gonz\u00e1lez del World Justice Project y Santiago Taboada, candidato de la coalici\u00f3n PAN-PRI-PRD<\/span><\/em><\/p>\t\t\t\t\t\t\t\t<\/div>\n\t\t\t\t<\/div>\n\t\t\t\t\t<\/div>\n\t\t\t\t<\/div>\n\t\t<div class=\"elementor-element elementor-element-8303804 e-flex e-con-boxed e-con e-parent\" data-id=\"8303804\" data-element_type=\"container\">\n\t\t\t\t\t<div class=\"e-con-inner\">\n\t\t\t\t<div class=\"elementor-element elementor-element-4abfdbf elementor-widget elementor-widget-text-editor\" data-id=\"4abfdbf\" data-element_type=\"widget\" data-widget_type=\"text-editor.default\">\n\t\t\t\t<div class=\"elementor-widget-container\">\n\t\t\t\t\t\t\t\t\t<p><span id=\"docs-internal-guid-5e050980-7fff-5177-b881-2e7f0ecbea2d\">El candidato detall\u00f3 que la reforma que presentar\u00e1 buscar\u00e1 que el Consejo de la Judicatura se separe de la presidencia del Tribunal de Justicia y agreg\u00f3 que que lo primero que har\u00e1 cuando sea jefe de Gobierno ser\u00e1 una reforma al Poder Judicial y a la Fiscal\u00eda General de Justicia (FGJ) para acabar con la ineficiencia y la corrupci\u00f3n: <em><strong>\u201cLo que vivimos es que quien controla el Poder judicial tambi\u00e9n controla las sanciones y evaluaciones a jueces y magistrados.\u201d<\/strong><\/em><\/span><\/p>\t\t\t\t\t\t\t\t<\/div>\n\t\t\t\t<\/div>\n\t\t\t\t<div class=\"elementor-element elementor-element-5a9b69e elementor-widget elementor-widget-image\" data-id=\"5a9b69e\" data-element_type=\"widget\" data-widget_type=\"image.default\">\n\t\t\t\t<div class=\"elementor-widget-container\">\n\t\t\t\t\t\t\t\t\t\t\t\t\t\t\t<img loading=\"lazy\" decoding=\"async\" width=\"800\" height=\"534\" src=\"https:\/\/worldjusticeproject.mx\/wp-content\/uploads\/2024\/05\/194A0239-970x647.jpg\" class=\"attachment-large size-large wp-image-4853\" alt=\"Foro Justicia Incluyente CDMX\" srcset=\"https:\/\/worldjusticeproject.mx\/wp-content\/uploads\/2024\/05\/194A0239-970x647.jpg 970w, https:\/\/worldjusticeproject.mx\/wp-content\/uploads\/2024\/05\/194A0239-470x313.jpg 470w, https:\/\/worldjusticeproject.mx\/wp-content\/uploads\/2024\/05\/194A0239-170x113.jpg 170w, https:\/\/worldjusticeproject.mx\/wp-content\/uploads\/2024\/05\/194A0239-768x512.jpg 768w, https:\/\/worldjusticeproject.mx\/wp-content\/uploads\/2024\/05\/194A0239-1536x1024.jpg 1536w, https:\/\/worldjusticeproject.mx\/wp-content\/uploads\/2024\/05\/194A0239-2048x1365.jpg 2048w\" sizes=\"(max-width: 800px) 100vw, 800px\" \/>\t\t\t\t\t\t\t\t\t\t\t\t\t\t\t<\/div>\n\t\t\t\t<\/div>\n\t\t\t\t<div class=\"elementor-element elementor-element-fdfdab9 elementor-widget elementor-widget-text-editor\" data-id=\"fdfdab9\" data-element_type=\"widget\" data-widget_type=\"text-editor.default\">\n\t\t\t\t<div class=\"elementor-widget-container\">\n\t\t\t\t\t\t\t\t\t<p style=\"text-align: center;\"><span style=\"font-size: 10pt;\"><em>Carlos Flores de Coraz\u00f3n Capital, Alejandro Gonz\u00e1lez del World Justice Project, Laurence Pantin de la Fundaci\u00f3n para la Justicia y el Estado Democr\u00e1tico de Derecho, Santiago Taboada, candidato de la coalici\u00f3n PAN-PRI-PRD, el periodista Salvador Camarena, Aur\u00e9lien Guilabert de Coraz\u00f3n Capital y el Dr. Jos\u00e9 Buend\u00eda de la Facultad de Derecho de la UNAM<\/em><\/span><\/p>\t\t\t\t\t\t\t\t<\/div>\n\t\t\t\t<\/div>\n\t\t\t\t\t<\/div>\n\t\t\t\t<\/div>\n\t\t<div class=\"elementor-element elementor-element-ffa752b e-flex e-con-boxed e-con e-parent\" data-id=\"ffa752b\" data-element_type=\"container\">\n\t\t\t\t\t<div class=\"e-con-inner\">\n\t\t\t\t<div class=\"elementor-element elementor-element-c301636 elementor-widget elementor-widget-text-editor\" data-id=\"c301636\" data-element_type=\"widget\" data-widget_type=\"text-editor.default\">\n\t\t\t\t<div class=\"elementor-widget-container\">\n\t\t\t\t\t\t\t\t\t<h4>\u00a0Justicia Incluyente en la CDMX: \u00bfqu\u00e9 sigue?\u00a0<\/h4>\t\t\t\t\t\t\t\t<\/div>\n\t\t\t\t<\/div>\n\t\t\t\t\t<\/div>\n\t\t\t\t<\/div>\n\t\t<div class=\"elementor-element elementor-element-59c91ef e-flex e-con-boxed e-con e-parent\" data-id=\"59c91ef\" data-element_type=\"container\">\n\t\t\t\t\t<div class=\"e-con-inner\">\n\t\t\t\t<div class=\"elementor-element elementor-element-d74e934 elementor-widget elementor-widget-text-editor\" data-id=\"d74e934\" data-element_type=\"widget\" data-widget_type=\"text-editor.default\">\n\t\t\t\t<div class=\"elementor-widget-container\">\n\t\t\t\t\t\t\t\t\t<p>Como parte del Foro, las cuatro asociacones organizadoras le pedimos al <strong><span style=\"color: #482d8b;\">acad\u00e9mico de la UNAM, Jos\u00e9 Buend\u00eda<\/span><\/strong>, conclusiones que puedan servir de punto de partida de nuestras asociaciones de cara a impulsar una agenda com\u00fan en materia de acceso a la justicia, durante la transici\u00f3n de gobierno en la Ciudad de M\u00e9xico, y con la pr\u00f3xima Jefatura de Gobierno.\u00a0<\/p><p>La participaci\u00f3n en el<strong><span style=\"color: #482d8b;\"> Foro \u201cJusticia Incluyente para la CDMX\u201d<\/span><\/strong> de la candidata y los candidatos al gobierno de la CDMX, Clara Brugada, de Morena, Santiago Taboada, de la Alianza Opositora, y Salom\u00f3n Chertorivsky, de Movimiento Ciudadano, es una buena noticia para el di\u00e1logo y la colaboraci\u00f3n con organizaciones de la sociedad civil y especialistas en uno de los asuntos m\u00e1s acuciantes para la ciudadan\u00eda de la capital: el acceso equitativo y transparente a la Justicia. Su presencia es muestra del compromiso y la importancia de la discusi\u00f3n de pol\u00edticas p\u00fablicas y estrategias institucionales para avanzar en el inter\u00e9s com\u00fan de construir la paz sobre la base de una democracia con derechos para todos. Gracias por ello.\u00a0<\/p><p>Las discusiones sobre reforma de la Justicia en la CDMX, y el pa\u00eds, no son nuevas, por lo menos llevan 20 a\u00f1os. En estas primeras dos d\u00e9cadas del siglo XXI, la necesidad de hacer que sea accesible para todos se ha situado cada vez m\u00e1s en el centro de la atenci\u00f3n de la agenda p\u00fablica, a medida que ha aumentado el delito hasta los 3.4 millones que cada a\u00f1o se cometen en la capital. Esta problem\u00e1tica se ha reflejado en cambios en el proceso penal con el sistema adversarial, la creaci\u00f3n de fiscal\u00edas aut\u00f3nomas y propuestas de reingenier\u00eda institucional del poder judicial, con resultados en la disminuci\u00f3n reciente de algunos delitos, pero insuficientes para cumplir el objetivo compartido de asegurar la paz.\u00a0<\/p><p>La ciudad cuenta con su propia Constituci\u00f3n desde 2018, aunque falta armonizarla con algunas instituciones, entre ellas el Tribunal Superior de Justicia y el Consejo de la Judicatura del Poder Judicial de la CDMX. En estos a\u00f1os, los esfuerzos en general por la equidad en la Justicia se han concentrado en transformaciones normativas de derecho, especialmente para personas o grupos con mayores desventajas, m\u00e1s que en la revisi\u00f3n de las pol\u00edticas\u00a0criminales y estrategias especificas para abatir la impunidad casi total que demuestra el hecho de que solo 7 de cada 100 denuncias deriva en una carpeta de investigaci\u00f3n. Esa es la justificaci\u00f3n de este foro con el que las 4 organizaciones convocantes pretenden abrir canales de <strong><span style=\"color: #482d8b;\">comunicaci\u00f3n y colaboraci\u00f3n con gobiernos de cualquier signo pol\u00edtico para apoyar sus trabajos por una justicia m\u00e1s eficiente y eficaz,<\/span><\/strong> que no solo se detenga en sancionar el delito sino tambi\u00e9n prevenirlo y atacar sus causas.\u00a0<\/p><p>A pesar de los avances contra el crimen y la disminuci\u00f3n de la percepci\u00f3n de violencia, los resultados son a\u00fan insatisfactorios en cuanto al fortalecimiento de la Justicia local, que es la primera puerta para ingresar de forma f\u00e1cil y segura al derecho laboral, familiar, mercantil, patrimonial y, antes que nada, a la protecci\u00f3n de la seguridad y de la vida. Como asentaron los informes de especialistas en el foro, prevalecen altos niveles de desconfianza hacia las instituciones de Justicia, \u00edndices elevados de cifra oculta de delitos por inhibici\u00f3n de la denuncia y subutilizaci\u00f3n de mecanismos de soluci\u00f3n de controversias y la promoci\u00f3n de acuerdos restaurativos que ofrece la Justicia C\u00edvica. Lo cual es una invitaci\u00f3n a seguir pensando creativamente alternativas que incorporen an\u00e1lisis m\u00e1s amplios, adem\u00e1s de los cambios legales, para la formulaci\u00f3n de nuevos modelos de Justicia abierta y transparente centrados en las v\u00edctimas; y que tomen en cuenta factores sociales para revertir causas de la violencia.\u00a0<\/p><p>Es de destacarse que en el encuentro pudieron observarse importantes convergencias entre las ideas de la y los candidatos, por ejemplo, sobre los modelos de la polic\u00eda de proximidad y la estrategia de cuadrantes en las demarcaciones territoriales, en que coinciden Brugada y Taboada. As\u00ed como tambi\u00e9n diferentes enfoques y propuestas que enriquecen la reflexi\u00f3n y el abordaje de problemas tales como revisar los procedimientos para facilitar la denuncia como el principal punto de contacto entre las v\u00edctimas y el sistema de justicia; inteligencia, investigaci\u00f3n y coordinaci\u00f3n de la polic\u00eda con el ministerio p\u00fablico; renovaci\u00f3n del poder judicial para agilizar los procesos y los tiempos de la Justicia; y cambios radicales de la Justicia C\u00edvica para resolver conflictos desde y dentro de la propia comunidad.\u00a0<\/p><p>En sus intervenciones convinieron en que la ciudad afronta el reto de dise\u00f1ar una agenda de seguridad y justicia integral que ponga en centro la atenci\u00f3n en las v\u00edctimas del delito. El ingreso a la Justicia local, en general, no es una buena experiencia casi para nadie, no obstante que es el primer piso para denunciar, investigar y resolver el grueso de los delitos que ocurren en la capital. La tarea requiere de estrecha coordinaci\u00f3n de todas las entidades involucradas en la procuraci\u00f3n de Justicia y de pol\u00edticas p\u00fablicas creativas e innovadoras, que aborden el acceso equitativo y transparente a ella vinculado con el contexto social y la transformaci\u00f3n del espacio p\u00fablico.\u00a0<\/p>\t\t\t\t\t\t\t\t<\/div>\n\t\t\t\t<\/div>\n\t\t\t\t\t<\/div>\n\t\t\t\t<\/div>\n\t\t<div class=\"elementor-element elementor-element-7a0a621 e-flex e-con-boxed e-con e-parent\" data-id=\"7a0a621\" data-element_type=\"container\">\n\t\t\t\t\t<div class=\"e-con-inner\">\n\t\t\t\t<div class=\"elementor-element elementor-element-b5f205f elementor-widget elementor-widget-text-editor\" data-id=\"b5f205f\" data-element_type=\"widget\" data-widget_type=\"text-editor.default\">\n\t\t\t\t<div class=\"elementor-widget-container\">\n\t\t\t\t\t\t\t\t\t<p>Por su parte, Brugada puso \u00e9nfasis en se\u00f1alar a la desigualdad social como principal barrera para el acceso incluyente a la Justicia, y por ello, destac\u00f3 la importancia de transformar el espacio p\u00fablico para generar m\u00e1s ciudadan\u00eda, como su programa de las Utop\u00edas en Iztapalapa. En particular, propuso un cambio radical de la Justicia C\u00edvica para llevarla a la comunidad y que juegue su funci\u00f3n m\u00e1s importante de resolver los conflictos en la vida cotidiana para la construcci\u00f3n de paz en la Ciudad de M\u00e9xico. Y, respecto al acceso a la justicia y el combate a la corrupci\u00f3n, generar mecanismos de control como los observatorios ciudadanos y pol\u00edticas de evaluaci\u00f3n externa en el ejercicio p\u00fablico.\u00a0<\/p><p>En cuanto a la intervenci\u00f3n de Taboada, tambi\u00e9n concurri\u00f3 con los otros en el abordaje del acceso a la justicia y la seguridad como aspectos inseparables, por lo cual es imperativa la coordinaci\u00f3n entre la fiscal\u00eda y la polic\u00eda. Entre sus preocupaciones resalt\u00f3 la prioridad de atender los delitos patrimoniales, a los que se enfoc\u00f3 su gobierno en Benito Ju\u00e1rez, por ser de los que m\u00e1s se denuncian y generan mayor percepci\u00f3n de inseguridad. En el plano institucional, dirigi\u00f3 su atenci\u00f3n a la autonom\u00eda de la fiscal\u00eda y mejores controles para asegurarla y evitar su politizaci\u00f3n, as\u00ed como a una mayor profesionalizaci\u00f3n y capacitaci\u00f3n para reducir la ineficiencia y la corrupci\u00f3n en beneficio de las v\u00edctimas. Fue el \u00fanico que se pronunci\u00f3 contra la prisi\u00f3n preventiva.\u00a0<\/p><p>Cebe se\u00f1alar que de todas las participaciones estuvo ausente el tema de los carteles locales de droga que son focos de violencia y su operaci\u00f3n es precursor de otros delitos del fuero com\u00fan como la extorsi\u00f3n, la trata y el secuestro, aunque el narcotr\u00e1fico sea una materia federal. Tampoco ocup\u00f3 un lugar en los diagn\u00f3sticos sobre la criminalidad de las organizaciones convocantes, ni respecto al impacto que tiene para la seguridad en la ciudad; quiz\u00e1 por concentrar sus an\u00e1lisis en los problemas y retos de la Justicia local.\u00a0<\/p><p>En efecto,<strong><span style=\"color: #482d8b;\"> la Justicia local es un espacio de crisis permanente por rezagos acumulados de infraestructura y capacidades humanas y materiales para investigar y castigar los delitos<\/span><\/strong>, no obstante que el \u00e1mbito estatal es en el que ocurren la mayor\u00eda de ellos en el pa\u00eds. En muchos casos sus desaf\u00edos son a\u00fan mayores por la emergencia de delitos de g\u00e9nero que\u00a0como se puso sobre la mesa en el foro\u2014 obligan a proponer la creaci\u00f3n de defensor\u00edas sociales y jur\u00eddicas para las mujeres, as\u00ed como fiscal\u00edas especializadas contra el feminicidio.\u00a0<\/p><p>Por la dimensi\u00f3n de la tarea, el acompa\u00f1amiento de las organizaciones civiles y sociales como aliadas de las autoridades debe verse como una fortaleza que suma experiencias, expertos y colaboraci\u00f3n para construir, en conjunto, una seguridad m\u00e1s humana en la megal\u00f3polis donde todos queremos vivir en paz.\u00a0<\/p>\t\t\t\t\t\t\t\t<\/div>\n\t\t\t\t<\/div>\n\t\t\t\t\t<\/div>\n\t\t\t\t<\/div>\n\t\t\t\t<\/div>","protected":false},"excerpt":{"rendered":"<p>Destacadas personas expertas y acad\u00e9micas discutieron sobre los retos y oportunidades para mejorar el acceso a la justicia en la ciudad.&nbsp; Es la primera vez que cuatro asociaciones l\u00edderes de la sociedad civil en el tema de justicia colaboran en formular una agenda com\u00fan para la impartici\u00f3n de justicia en la CDMX.&nbsp; Las y los [&hellip;]<\/p>\n","protected":false},"author":3,"featured_media":4856,"comment_status":"closed","ping_status":"closed","sticky":false,"template":"","format":"standard","meta":{"footnotes":""},"categories":[1],"tags":[239,240,83],"class_list":["post-4851","post","type-post","status-publish","format-standard","has-post-thumbnail","hentry","category-noticias","tag-cdmx","tag-foro-justicia-incluyente","tag-justicia"],"yoast_head":"<!-- This site is optimized with the Yoast SEO plugin v25.2 - https:\/\/yoast.com\/wordpress\/plugins\/seo\/ -->\n<title>Foro Justicia incluyente para la CDMX eval\u00faa propuestas de candidatos a la Jefatura de Gobierno para mejorar el acceso y calidad de la justicia - World Justice Project (M\u00e9xico)<\/title>\n<meta name=\"robots\" content=\"index, follow, max-snippet:-1, max-image-preview:large, max-video-preview:-1\" \/>\n<link rel=\"canonical\" href=\"https:\/\/worldjusticeproject.mx\/en\/foro-justicia-incluyente-para-la-cdmx-evalua-propuestas-de-candidatos-a-la-jefatura-de-gobierno-para-mejorar-el-acceso-y-calidad-de-la-justicia\/\" \/>\n<meta property=\"og:locale\" content=\"en_US\" \/>\n<meta property=\"og:type\" content=\"article\" \/>\n<meta property=\"og:title\" content=\"Foro Justicia incluyente para la CDMX eval\u00faa propuestas de candidatos a la Jefatura de Gobierno para mejorar el acceso y calidad de la justicia - World Justice Project (M\u00e9xico)\" \/>\n<meta property=\"og:description\" content=\"Destacadas personas expertas y acad\u00e9micas discutieron sobre los retos y oportunidades para mejorar el acceso a la justicia en la ciudad.&nbsp; Es la primera vez que cuatro asociaciones l\u00edderes de la sociedad civil en el tema de justicia colaboran en formular una agenda com\u00fan para la impartici\u00f3n de justicia en la CDMX.&nbsp; Las y los [&hellip;]\" \/>\n<meta property=\"og:url\" content=\"https:\/\/worldjusticeproject.mx\/en\/foro-justicia-incluyente-para-la-cdmx-evalua-propuestas-de-candidatos-a-la-jefatura-de-gobierno-para-mejorar-el-acceso-y-calidad-de-la-justicia\/\" \/>\n<meta property=\"og:site_name\" content=\"World Justice Project (M\u00e9xico)\" \/>\n<meta property=\"article:published_time\" content=\"2024-05-23T00:20:29+00:00\" \/>\n<meta property=\"article:modified_time\" content=\"2024-06-05T01:03:54+00:00\" \/>\n<meta property=\"og:image\" content=\"https:\/\/worldjusticeproject.mx\/wp-content\/uploads\/2024\/05\/194A0132-scaled-e1717549426359.jpg\" \/>\n\t<meta property=\"og:image:width\" content=\"1500\" \/>\n\t<meta property=\"og:image:height\" content=\"525\" \/>\n\t<meta property=\"og:image:type\" content=\"image\/jpeg\" \/>\n<meta name=\"author\" content=\"World Justice Project M\u00e9xico\" \/>\n<meta name=\"twitter:card\" content=\"summary_large_image\" \/>\n<meta name=\"twitter:label1\" content=\"Written by\" \/>\n\t<meta name=\"twitter:data1\" content=\"World Justice Project M\u00e9xico\" \/>\n\t<meta name=\"twitter:label2\" content=\"Est. reading time\" \/>\n\t<meta name=\"twitter:data2\" content=\"13 minutes\" \/>\n<script type=\"application\/ld+json\" class=\"yoast-schema-graph\">{\"@context\":\"https:\/\/schema.org\",\"@graph\":[{\"@type\":\"WebPage\",\"@id\":\"https:\/\/worldjusticeproject.mx\/en\/foro-justicia-incluyente-para-la-cdmx-evalua-propuestas-de-candidatos-a-la-jefatura-de-gobierno-para-mejorar-el-acceso-y-calidad-de-la-justicia\/\",\"url\":\"https:\/\/worldjusticeproject.mx\/en\/foro-justicia-incluyente-para-la-cdmx-evalua-propuestas-de-candidatos-a-la-jefatura-de-gobierno-para-mejorar-el-acceso-y-calidad-de-la-justicia\/\",\"name\":\"Foro Justicia incluyente para la CDMX eval\u00faa propuestas de candidatos a la Jefatura de Gobierno para mejorar el acceso y calidad de la justicia - World Justice Project (M\u00e9xico)\",\"isPartOf\":{\"@id\":\"https:\/\/worldjusticeproject.mx\/#website\"},\"primaryImageOfPage\":{\"@id\":\"https:\/\/worldjusticeproject.mx\/en\/foro-justicia-incluyente-para-la-cdmx-evalua-propuestas-de-candidatos-a-la-jefatura-de-gobierno-para-mejorar-el-acceso-y-calidad-de-la-justicia\/#primaryimage\"},\"image\":{\"@id\":\"https:\/\/worldjusticeproject.mx\/en\/foro-justicia-incluyente-para-la-cdmx-evalua-propuestas-de-candidatos-a-la-jefatura-de-gobierno-para-mejorar-el-acceso-y-calidad-de-la-justicia\/#primaryimage\"},\"thumbnailUrl\":\"https:\/\/worldjusticeproject.mx\/wp-content\/uploads\/2024\/05\/194A0132-scaled-e1717549426359.jpg\",\"datePublished\":\"2024-05-23T00:20:29+00:00\",\"dateModified\":\"2024-06-05T01:03:54+00:00\",\"author\":{\"@id\":\"https:\/\/worldjusticeproject.mx\/#\/schema\/person\/4dd2561c1e4485d2ac2cb170f20b86d9\"},\"breadcrumb\":{\"@id\":\"https:\/\/worldjusticeproject.mx\/en\/foro-justicia-incluyente-para-la-cdmx-evalua-propuestas-de-candidatos-a-la-jefatura-de-gobierno-para-mejorar-el-acceso-y-calidad-de-la-justicia\/#breadcrumb\"},\"inLanguage\":\"en-US\",\"potentialAction\":[{\"@type\":\"ReadAction\",\"target\":[\"https:\/\/worldjusticeproject.mx\/en\/foro-justicia-incluyente-para-la-cdmx-evalua-propuestas-de-candidatos-a-la-jefatura-de-gobierno-para-mejorar-el-acceso-y-calidad-de-la-justicia\/\"]}]},{\"@type\":\"ImageObject\",\"inLanguage\":\"en-US\",\"@id\":\"https:\/\/worldjusticeproject.mx\/en\/foro-justicia-incluyente-para-la-cdmx-evalua-propuestas-de-candidatos-a-la-jefatura-de-gobierno-para-mejorar-el-acceso-y-calidad-de-la-justicia\/#primaryimage\",\"url\":\"https:\/\/worldjusticeproject.mx\/wp-content\/uploads\/2024\/05\/194A0132-scaled-e1717549426359.jpg\",\"contentUrl\":\"https:\/\/worldjusticeproject.mx\/wp-content\/uploads\/2024\/05\/194A0132-scaled-e1717549426359.jpg\",\"width\":1500,\"height\":525},{\"@type\":\"BreadcrumbList\",\"@id\":\"https:\/\/worldjusticeproject.mx\/en\/foro-justicia-incluyente-para-la-cdmx-evalua-propuestas-de-candidatos-a-la-jefatura-de-gobierno-para-mejorar-el-acceso-y-calidad-de-la-justicia\/#breadcrumb\",\"itemListElement\":[{\"@type\":\"ListItem\",\"position\":1,\"name\":\"Home\",\"item\":\"https:\/\/worldjusticeproject.mx\/\"},{\"@type\":\"ListItem\",\"position\":2,\"name\":\"Foro Justicia incluyente para la CDMX eval\u00faa propuestas de candidatos a la Jefatura de Gobierno para mejorar el acceso y calidad de la justicia\"}]},{\"@type\":\"WebSite\",\"@id\":\"https:\/\/worldjusticeproject.mx\/#website\",\"url\":\"https:\/\/worldjusticeproject.mx\/\",\"name\":\"World Justice Project (M\u00e9xico)\",\"description\":\"Sitio web de la oficina en M\u00e9xico de la organizaci\u00f3n basada en Washington DC, Estados Unidos\",\"potentialAction\":[{\"@type\":\"SearchAction\",\"target\":{\"@type\":\"EntryPoint\",\"urlTemplate\":\"https:\/\/worldjusticeproject.mx\/?s={search_term_string}\"},\"query-input\":{\"@type\":\"PropertyValueSpecification\",\"valueRequired\":true,\"valueName\":\"search_term_string\"}}],\"inLanguage\":\"en-US\"},{\"@type\":\"Person\",\"@id\":\"https:\/\/worldjusticeproject.mx\/#\/schema\/person\/4dd2561c1e4485d2ac2cb170f20b86d9\",\"name\":\"World Justice Project M\u00e9xico\",\"image\":{\"@type\":\"ImageObject\",\"inLanguage\":\"en-US\",\"@id\":\"https:\/\/worldjusticeproject.mx\/#\/schema\/person\/image\/\",\"url\":\"https:\/\/secure.gravatar.com\/avatar\/3f5d203e83f8a63f4f5b9750664b86564eef1320a626a96c7006222a1fd31f47?s=96&d=wp_user_avatar&r=g\",\"contentUrl\":\"https:\/\/secure.gravatar.com\/avatar\/3f5d203e83f8a63f4f5b9750664b86564eef1320a626a96c7006222a1fd31f47?s=96&d=wp_user_avatar&r=g\",\"caption\":\"World Justice Project M\u00e9xico\"},\"url\":\"https:\/\/worldjusticeproject.mx\/en\/author\/editor\/\"}]}<\/script>\n<!-- \/ Yoast SEO plugin. -->","yoast_head_json":{"title":"Foro Justicia incluyente para la CDMX eval\u00faa propuestas de candidatos a la Jefatura de Gobierno para mejorar el acceso y calidad de la justicia - World Justice Project (M\u00e9xico)","robots":{"index":"index","follow":"follow","max-snippet":"max-snippet:-1","max-image-preview":"max-image-preview:large","max-video-preview":"max-video-preview:-1"},"canonical":"https:\/\/worldjusticeproject.mx\/en\/foro-justicia-incluyente-para-la-cdmx-evalua-propuestas-de-candidatos-a-la-jefatura-de-gobierno-para-mejorar-el-acceso-y-calidad-de-la-justicia\/","og_locale":"en_US","og_type":"article","og_title":"Foro Justicia incluyente para la CDMX eval\u00faa propuestas de candidatos a la Jefatura de Gobierno para mejorar el acceso y calidad de la justicia - World Justice Project (M\u00e9xico)","og_description":"Destacadas personas expertas y acad\u00e9micas discutieron sobre los retos y oportunidades para mejorar el acceso a la justicia en la ciudad.&nbsp; Es la primera vez que cuatro asociaciones l\u00edderes de la sociedad civil en el tema de justicia colaboran en formular una agenda com\u00fan para la impartici\u00f3n de justicia en la CDMX.&nbsp; Las y los [&hellip;]","og_url":"https:\/\/worldjusticeproject.mx\/en\/foro-justicia-incluyente-para-la-cdmx-evalua-propuestas-de-candidatos-a-la-jefatura-de-gobierno-para-mejorar-el-acceso-y-calidad-de-la-justicia\/","og_site_name":"World Justice Project (M\u00e9xico)","article_published_time":"2024-05-23T00:20:29+00:00","article_modified_time":"2024-06-05T01:03:54+00:00","og_image":[{"width":1500,"height":525,"url":"https:\/\/worldjusticeproject.mx\/wp-content\/uploads\/2024\/05\/194A0132-scaled-e1717549426359.jpg","type":"image\/jpeg"}],"author":"World Justice Project M\u00e9xico","twitter_card":"summary_large_image","twitter_misc":{"Written by":"World Justice Project M\u00e9xico","Est. reading time":"13 minutes"},"schema":{"@context":"https:\/\/schema.org","@graph":[{"@type":"WebPage","@id":"https:\/\/worldjusticeproject.mx\/en\/foro-justicia-incluyente-para-la-cdmx-evalua-propuestas-de-candidatos-a-la-jefatura-de-gobierno-para-mejorar-el-acceso-y-calidad-de-la-justicia\/","url":"https:\/\/worldjusticeproject.mx\/en\/foro-justicia-incluyente-para-la-cdmx-evalua-propuestas-de-candidatos-a-la-jefatura-de-gobierno-para-mejorar-el-acceso-y-calidad-de-la-justicia\/","name":"Foro Justicia incluyente para la CDMX eval\u00faa propuestas de candidatos a la Jefatura de Gobierno para mejorar el acceso y calidad de la justicia - World Justice Project (M\u00e9xico)","isPartOf":{"@id":"https:\/\/worldjusticeproject.mx\/#website"},"primaryImageOfPage":{"@id":"https:\/\/worldjusticeproject.mx\/en\/foro-justicia-incluyente-para-la-cdmx-evalua-propuestas-de-candidatos-a-la-jefatura-de-gobierno-para-mejorar-el-acceso-y-calidad-de-la-justicia\/#primaryimage"},"image":{"@id":"https:\/\/worldjusticeproject.mx\/en\/foro-justicia-incluyente-para-la-cdmx-evalua-propuestas-de-candidatos-a-la-jefatura-de-gobierno-para-mejorar-el-acceso-y-calidad-de-la-justicia\/#primaryimage"},"thumbnailUrl":"https:\/\/worldjusticeproject.mx\/wp-content\/uploads\/2024\/05\/194A0132-scaled-e1717549426359.jpg","datePublished":"2024-05-23T00:20:29+00:00","dateModified":"2024-06-05T01:03:54+00:00","author":{"@id":"https:\/\/worldjusticeproject.mx\/#\/schema\/person\/4dd2561c1e4485d2ac2cb170f20b86d9"},"breadcrumb":{"@id":"https:\/\/worldjusticeproject.mx\/en\/foro-justicia-incluyente-para-la-cdmx-evalua-propuestas-de-candidatos-a-la-jefatura-de-gobierno-para-mejorar-el-acceso-y-calidad-de-la-justicia\/#breadcrumb"},"inLanguage":"en-US","potentialAction":[{"@type":"ReadAction","target":["https:\/\/worldjusticeproject.mx\/en\/foro-justicia-incluyente-para-la-cdmx-evalua-propuestas-de-candidatos-a-la-jefatura-de-gobierno-para-mejorar-el-acceso-y-calidad-de-la-justicia\/"]}]},{"@type":"ImageObject","inLanguage":"en-US","@id":"https:\/\/worldjusticeproject.mx\/en\/foro-justicia-incluyente-para-la-cdmx-evalua-propuestas-de-candidatos-a-la-jefatura-de-gobierno-para-mejorar-el-acceso-y-calidad-de-la-justicia\/#primaryimage","url":"https:\/\/worldjusticeproject.mx\/wp-content\/uploads\/2024\/05\/194A0132-scaled-e1717549426359.jpg","contentUrl":"https:\/\/worldjusticeproject.mx\/wp-content\/uploads\/2024\/05\/194A0132-scaled-e1717549426359.jpg","width":1500,"height":525},{"@type":"BreadcrumbList","@id":"https:\/\/worldjusticeproject.mx\/en\/foro-justicia-incluyente-para-la-cdmx-evalua-propuestas-de-candidatos-a-la-jefatura-de-gobierno-para-mejorar-el-acceso-y-calidad-de-la-justicia\/#breadcrumb","itemListElement":[{"@type":"ListItem","position":1,"name":"Home","item":"https:\/\/worldjusticeproject.mx\/"},{"@type":"ListItem","position":2,"name":"Foro Justicia incluyente para la CDMX eval\u00faa propuestas de candidatos a la Jefatura de Gobierno para mejorar el acceso y calidad de la justicia"}]},{"@type":"WebSite","@id":"https:\/\/worldjusticeproject.mx\/#website","url":"https:\/\/worldjusticeproject.mx\/","name":"World Justice Project (M\u00e9xico)","description":"Sitio web de la oficina en M\u00e9xico de la organizaci\u00f3n basada en Washington DC, Estados Unidos","potentialAction":[{"@type":"SearchAction","target":{"@type":"EntryPoint","urlTemplate":"https:\/\/worldjusticeproject.mx\/?s={search_term_string}"},"query-input":{"@type":"PropertyValueSpecification","valueRequired":true,"valueName":"search_term_string"}}],"inLanguage":"en-US"},{"@type":"Person","@id":"https:\/\/worldjusticeproject.mx\/#\/schema\/person\/4dd2561c1e4485d2ac2cb170f20b86d9","name":"World Justice Project M\u00e9xico","image":{"@type":"ImageObject","inLanguage":"en-US","@id":"https:\/\/worldjusticeproject.mx\/#\/schema\/person\/image\/","url":"https:\/\/secure.gravatar.com\/avatar\/3f5d203e83f8a63f4f5b9750664b86564eef1320a626a96c7006222a1fd31f47?s=96&d=wp_user_avatar&r=g","contentUrl":"https:\/\/secure.gravatar.com\/avatar\/3f5d203e83f8a63f4f5b9750664b86564eef1320a626a96c7006222a1fd31f47?s=96&d=wp_user_avatar&r=g","caption":"World Justice Project M\u00e9xico"},"url":"https:\/\/worldjusticeproject.mx\/en\/author\/editor\/"}]}},"_links":{"self":[{"href":"https:\/\/worldjusticeproject.mx\/en\/wp-json\/wp\/v2\/posts\/4851","targetHints":{"allow":["GET"]}}],"collection":[{"href":"https:\/\/worldjusticeproject.mx\/en\/wp-json\/wp\/v2\/posts"}],"about":[{"href":"https:\/\/worldjusticeproject.mx\/en\/wp-json\/wp\/v2\/types\/post"}],"author":[{"embeddable":true,"href":"https:\/\/worldjusticeproject.mx\/en\/wp-json\/wp\/v2\/users\/3"}],"replies":[{"embeddable":true,"href":"https:\/\/worldjusticeproject.mx\/en\/wp-json\/wp\/v2\/comments?post=4851"}],"version-history":[{"count":5,"href":"https:\/\/worldjusticeproject.mx\/en\/wp-json\/wp\/v2\/posts\/4851\/revisions"}],"predecessor-version":[{"id":4922,"href":"https:\/\/worldjusticeproject.mx\/en\/wp-json\/wp\/v2\/posts\/4851\/revisions\/4922"}],"wp:featuredmedia":[{"embeddable":true,"href":"https:\/\/worldjusticeproject.mx\/en\/wp-json\/wp\/v2\/media\/4856"}],"wp:attachment":[{"href":"https:\/\/worldjusticeproject.mx\/en\/wp-json\/wp\/v2\/media?parent=4851"}],"wp:term":[{"taxonomy":"category","embeddable":true,"href":"https:\/\/worldjusticeproject.mx\/en\/wp-json\/wp\/v2\/categories?post=4851"},{"taxonomy":"post_tag","embeddable":true,"href":"https:\/\/worldjusticeproject.mx\/en\/wp-json\/wp\/v2\/tags?post=4851"}],"curies":[{"name":"wp","href":"https:\/\/api.w.org\/{rel}","templated":true}]}}