{"id":4929,"date":"2024-06-06T10:00:56","date_gmt":"2024-06-06T16:00:56","guid":{"rendered":"https:\/\/worldjusticeproject.mx\/?p=4929"},"modified":"2024-06-06T11:00:26","modified_gmt":"2024-06-06T17:00:26","slug":"presentacion-indice-de-estado-de-derecho-en-mexico-2023-2024","status":"publish","type":"post","link":"https:\/\/worldjusticeproject.mx\/en\/presentacion-indice-de-estado-de-derecho-en-mexico-2023-2024\/","title":{"rendered":"Presentaci\u00f3n \u00cdndice de Estado de Derecho en M\u00e9xico 2023-2024"},"content":{"rendered":"<div data-elementor-type=\"wp-post\" data-elementor-id=\"4929\" class=\"elementor elementor-4929\" data-elementor-post-type=\"post\">\n\t\t\t\t<div class=\"elementor-element elementor-element-af8d6aa e-flex e-con-boxed e-con e-parent\" data-id=\"af8d6aa\" data-element_type=\"container\">\n\t\t\t\t\t<div class=\"e-con-inner\">\n\t\t\t\t<div class=\"elementor-element elementor-element-a07dbd5 elementor-align-center elementor-widget elementor-widget-button\" data-id=\"a07dbd5\" data-element_type=\"widget\" data-widget_type=\"button.default\">\n\t\t\t\t<div class=\"elementor-widget-container\">\n\t\t\t\t\t\t\t\t\t<div class=\"elementor-button-wrapper\">\n\t\t\t\t\t<a class=\"elementor-button elementor-button-link elementor-size-sm\" href=\"https:\/\/bit.ly\/3QFPPkr\" target=\"_blank\">\n\t\t\t\t\t\t<span class=\"elementor-button-content-wrapper\">\n\t\t\t\t\t\t\t\t\t<span class=\"elementor-button-text\">Reg\u00edstrate para ver la transmisi\u00f3n <\/span>\n\t\t\t\t\t<\/span>\n\t\t\t\t\t<\/a>\n\t\t\t\t<\/div>\n\t\t\t\t\t\t\t\t<\/div>\n\t\t\t\t<\/div>\n\t\t\t\t<div class=\"elementor-element elementor-element-540b4fb elementor-widget elementor-widget-text-editor\" data-id=\"540b4fb\" data-element_type=\"widget\" data-widget_type=\"text-editor.default\">\n\t\t\t\t<div class=\"elementor-widget-container\">\n\t\t\t\t\t\t\t\t\t<p>Por m\u00e1s de una d\u00e9cada, el <strong><span style=\"color: #482d8b;\">World Justice Project\u00ae<\/span> <\/strong>(WJP), ha generado la herramienta m\u00e1s completa para medir el Estado de Derecho en el mundo a trav\u00e9s del \u00cdndice Global de Estado de Derecho del WJP (WJP Rule of Law Index\u00ae, en ingl\u00e9s). <strong><span style=\"color: #482d8b;\">Desde 2018, el WJP publica el \u00cdndice de Estado de Derecho en M\u00e9xico (IEDMX)<\/span><\/strong>, el cual adapta el marco metodol\u00f3gico y conceptual del \u00cdndice Global para medir el grado de adhesi\u00f3n al Estado de Derecho en las 32 entidades federativas.<\/p>\t\t\t\t\t\t\t\t<\/div>\n\t\t\t\t<\/div>\n\t\t\t\t\t<\/div>\n\t\t\t\t<\/div>\n\t\t<div class=\"elementor-element elementor-element-2311440 e-flex e-con-boxed e-con e-parent\" data-id=\"2311440\" data-element_type=\"container\">\n\t\t\t\t\t<div class=\"e-con-inner\">\n\t\t\t\t<div class=\"elementor-element elementor-element-df8f551 elementor-widget elementor-widget-text-editor\" data-id=\"df8f551\" data-element_type=\"widget\" data-widget_type=\"text-editor.default\">\n\t\t\t\t<div class=\"elementor-widget-container\">\n\t\t\t\t\t\t\t\t\t<div title=\"Page 1\"><div><div><div><p>Esta sexta edicio\u0301n del <span style=\"color: #0000ff;\"><a style=\"color: #0000ff;\" href=\"https:\/\/index.worldjusticeproject.mx\/\">IEDMX<\/a><\/span> permite observar tendencias positivas y retos persistentes desde 2018. Desde esta perspectiva temporal, el WJP ha identificado a estados que han logrado avances consistentes en diferentes a\u0301reas del Estado de Derecho.<\/p><p>En un entorno poli\u0301tico nacional marcado por una creciente polarizacio\u0301n, <strong><span style=\"color: #482d8b;\">WJP ha optado por un enfoque constructivo para el evento de lanzamiento de este an\u0303o al invitar a personas titulares de a\u0301reas relevantes de poli\u0301tica pu\u0301blica de los gobiernos de dichos estados y del gobierno federal a compartir sus experiencias y estrategias para fortalecer el Estado de Derecho<\/span><\/strong>, asi\u0301 como retos comunes.\u00a0<\/p><\/div><\/div><\/div><\/div>\t\t\t\t\t\t\t\t<\/div>\n\t\t\t\t<\/div>\n\t\t\t\t\t<\/div>\n\t\t\t\t<\/div>\n\t\t<div class=\"elementor-element elementor-element-b63a002 e-flex e-con-boxed e-con e-parent\" data-id=\"b63a002\" data-element_type=\"container\">\n\t\t\t\t\t<div class=\"e-con-inner\">\n\t\t\t\t<div class=\"elementor-element elementor-element-ac347ac elementor-widget elementor-widget-image\" data-id=\"ac347ac\" data-element_type=\"widget\" data-widget_type=\"image.default\">\n\t\t\t\t<div class=\"elementor-widget-container\">\n\t\t\t\t\t\t\t\t\t\t\t\t\t\t\t<img fetchpriority=\"high\" decoding=\"async\" width=\"800\" height=\"944\" src=\"https:\/\/worldjusticeproject.mx\/wp-content\/uploads\/2024\/06\/processed-51BEE6A7-B50B-4CBE-A23E-753157E1C30D-970x1145.jpeg\" class=\"attachment-large size-large wp-image-4932\" alt=\"\" srcset=\"https:\/\/worldjusticeproject.mx\/wp-content\/uploads\/2024\/06\/processed-51BEE6A7-B50B-4CBE-A23E-753157E1C30D-970x1145.jpeg 970w, https:\/\/worldjusticeproject.mx\/wp-content\/uploads\/2024\/06\/processed-51BEE6A7-B50B-4CBE-A23E-753157E1C30D-470x555.jpeg 470w, https:\/\/worldjusticeproject.mx\/wp-content\/uploads\/2024\/06\/processed-51BEE6A7-B50B-4CBE-A23E-753157E1C30D-170x201.jpeg 170w, https:\/\/worldjusticeproject.mx\/wp-content\/uploads\/2024\/06\/processed-51BEE6A7-B50B-4CBE-A23E-753157E1C30D-768x906.jpeg 768w, https:\/\/worldjusticeproject.mx\/wp-content\/uploads\/2024\/06\/processed-51BEE6A7-B50B-4CBE-A23E-753157E1C30D-1302x1536.jpeg 1302w, https:\/\/worldjusticeproject.mx\/wp-content\/uploads\/2024\/06\/processed-51BEE6A7-B50B-4CBE-A23E-753157E1C30D-1735x2048.jpeg 1735w, https:\/\/worldjusticeproject.mx\/wp-content\/uploads\/2024\/06\/processed-51BEE6A7-B50B-4CBE-A23E-753157E1C30D.jpeg 1871w\" sizes=\"(max-width: 800px) 100vw, 800px\" \/>\t\t\t\t\t\t\t\t\t\t\t\t\t\t\t<\/div>\n\t\t\t\t<\/div>\n\t\t\t\t\t<\/div>\n\t\t\t\t<\/div>\n\t\t<div class=\"elementor-element elementor-element-e5e147a e-flex e-con-boxed e-con e-parent\" data-id=\"e5e147a\" data-element_type=\"container\">\n\t\t\t\t\t<div class=\"e-con-inner\">\n\t\t\t\t<div class=\"elementor-element elementor-element-655d6a1 elementor-widget elementor-widget-text-editor\" data-id=\"655d6a1\" data-element_type=\"widget\" data-widget_type=\"text-editor.default\">\n\t\t\t\t<div class=\"elementor-widget-container\">\n\t\t\t\t\t\t\t\t\t<p>En la presentaci\u00f3n de esta sexta edici\u00f3n contaremos con la participaci\u00f3n de:<\/p><ul><li><strong><span style=\"color: #482d8b;\">Alejandro Salafranca<\/span><\/strong>, Jefe de la Unidad de Trabajo Digno en la Secretaria del Trabajo y Previsi\u00f3n Social\u00a0del Gobierno Federal\u00a0<\/li><li><strong><span style=\"color: #482d8b;\">Mariela Ponce<\/span><\/strong>, Magistrada Presidente del Poder Judicial del Estado de Quer\u00e9taro<\/li><li><strong><span style=\"color: #482d8b;\">Gilberto Loy<\/span><span style=\"color: #482d8b;\">a<\/span><\/strong>, Secretario de Seguridad P\u00fablica Estatal del Gobierno de Chihuahua\u00a0<\/li><li><span style=\"color: #482d8b;\"><strong>Ximena Peredo<\/strong><\/span>, Secretaria de Participaci\u00f3n Ciudadana del Gobierno de Nuevo Le\u00f3n<\/li><li><strong><span style=\"color: #482d8b;\">Mar\u00eda Guadalupe Ram\u00edrez<\/span><\/strong>,\u00a0Titular de la Secretar\u00eda de Transparencia y Rendici\u00f3n de Cuentas del Gobierno del Estado de Sinaloa<\/li><li><strong><span style=\"color: #482d8b;\">Guillermo\u00a0Noriega<\/span><\/strong>, Secretario de la Contralor\u00eda General del Gobierno de Sonora<\/li><li><strong><span style=\"color: #482d8b;\">Elizabeth Andersen<\/span><\/strong>, Directora Ejecutiva de WJP<\/li><li><span style=\"color: #482d8b;\"><strong>Alejandro Gonz\u00e1lez<\/strong><\/span>, Jefe Global de Incidencia del WJP<\/li><\/ul>\t\t\t\t\t\t\t\t<\/div>\n\t\t\t\t<\/div>\n\t\t\t\t\t<\/div>\n\t\t\t\t<\/div>\n\t\t<div class=\"elementor-element elementor-element-0e83c91 e-flex e-con-boxed e-con e-parent\" data-id=\"0e83c91\" data-element_type=\"container\">\n\t\t\t\t\t<div class=\"e-con-inner\">\n\t\t\t\t<div class=\"elementor-element elementor-element-dd6cdf2 elementor-align-center elementor-widget elementor-widget-button\" data-id=\"dd6cdf2\" data-element_type=\"widget\" data-widget_type=\"button.default\">\n\t\t\t\t<div class=\"elementor-widget-container\">\n\t\t\t\t\t\t\t\t\t<div class=\"elementor-button-wrapper\">\n\t\t\t\t\t<a class=\"elementor-button elementor-button-link elementor-size-sm\" href=\"https:\/\/bit.ly\/3QFPPkr\" target=\"_blank\">\n\t\t\t\t\t\t<span class=\"elementor-button-content-wrapper\">\n\t\t\t\t\t\t\t\t\t<span class=\"elementor-button-text\">Reg\u00edstrate para ver la transmisi\u00f3n <\/span>\n\t\t\t\t\t<\/span>\n\t\t\t\t\t<\/a>\n\t\t\t\t<\/div>\n\t\t\t\t\t\t\t\t<\/div>\n\t\t\t\t<\/div>\n\t\t\t\t\t<\/div>\n\t\t\t\t<\/div>\n\t\t\t\t<\/div>","protected":false},"excerpt":{"rendered":"<p>Reg\u00edstrate para ver la transmisi\u00f3n Por m\u00e1s de una d\u00e9cada, el World Justice Project\u00ae (WJP), ha generado la herramienta m\u00e1s completa para medir el Estado de Derecho en el mundo a trav\u00e9s del \u00cdndice Global de Estado de Derecho del WJP (WJP Rule of Law Index\u00ae, en ingl\u00e9s). Desde 2018, el WJP publica el \u00cdndice [&hellip;]<\/p>\n","protected":false},"author":3,"featured_media":4930,"comment_status":"closed","ping_status":"closed","sticky":false,"template":"","format":"standard","meta":{"footnotes":""},"categories":[1],"tags":[154,43],"class_list":["post-4929","post","type-post","status-publish","format-standard","has-post-thumbnail","hentry","category-noticias","tag-iedmx","tag-indice-de-estado-de-derecho-en-mexico"],"yoast_head":"<!-- This site is optimized with the Yoast SEO plugin v25.2 - https:\/\/yoast.com\/wordpress\/plugins\/seo\/ -->\n<title>Presentaci\u00f3n \u00cdndice de Estado de Derecho en M\u00e9xico 2023-2024 - World Justice Project (M\u00e9xico)<\/title>\n<meta name=\"robots\" content=\"index, follow, max-snippet:-1, max-image-preview:large, max-video-preview:-1\" \/>\n<link rel=\"canonical\" href=\"https:\/\/worldjusticeproject.mx\/en\/presentacion-indice-de-estado-de-derecho-en-mexico-2023-2024\/\" \/>\n<meta property=\"og:locale\" content=\"en_US\" \/>\n<meta property=\"og:type\" content=\"article\" \/>\n<meta property=\"og:title\" content=\"Presentaci\u00f3n \u00cdndice de Estado de Derecho en M\u00e9xico 2023-2024 - World Justice Project (M\u00e9xico)\" \/>\n<meta property=\"og:description\" content=\"Reg\u00edstrate para ver la transmisi\u00f3n Por m\u00e1s de una d\u00e9cada, el World Justice Project\u00ae (WJP), ha generado la herramienta m\u00e1s completa para medir el Estado de Derecho en el mundo a trav\u00e9s del \u00cdndice Global de Estado de Derecho del WJP (WJP Rule of Law Index\u00ae, en ingl\u00e9s). Desde 2018, el WJP publica el \u00cdndice [&hellip;]\" \/>\n<meta property=\"og:url\" content=\"https:\/\/worldjusticeproject.mx\/en\/presentacion-indice-de-estado-de-derecho-en-mexico-2023-2024\/\" \/>\n<meta property=\"og:site_name\" content=\"World Justice Project (M\u00e9xico)\" \/>\n<meta property=\"article:published_time\" content=\"2024-06-06T16:00:56+00:00\" \/>\n<meta property=\"article:modified_time\" content=\"2024-06-06T17:00:26+00:00\" \/>\n<meta property=\"og:image\" content=\"https:\/\/worldjusticeproject.mx\/wp-content\/uploads\/2024\/06\/X-banner-23-24-scaled-e1717693217860.jpg\" \/>\n\t<meta property=\"og:image:width\" content=\"1500\" \/>\n\t<meta property=\"og:image:height\" content=\"500\" \/>\n\t<meta property=\"og:image:type\" content=\"image\/jpeg\" \/>\n<meta name=\"author\" content=\"World Justice Project M\u00e9xico\" \/>\n<meta name=\"twitter:card\" content=\"summary_large_image\" \/>\n<meta name=\"twitter:label1\" content=\"Written by\" \/>\n\t<meta name=\"twitter:data1\" content=\"World Justice Project M\u00e9xico\" \/>\n\t<meta name=\"twitter:label2\" content=\"Est. reading time\" \/>\n\t<meta name=\"twitter:data2\" content=\"2 minutes\" \/>\n<script type=\"application\/ld+json\" class=\"yoast-schema-graph\">{\"@context\":\"https:\/\/schema.org\",\"@graph\":[{\"@type\":\"WebPage\",\"@id\":\"https:\/\/worldjusticeproject.mx\/en\/presentacion-indice-de-estado-de-derecho-en-mexico-2023-2024\/\",\"url\":\"https:\/\/worldjusticeproject.mx\/en\/presentacion-indice-de-estado-de-derecho-en-mexico-2023-2024\/\",\"name\":\"Presentaci\u00f3n \u00cdndice de Estado de Derecho en M\u00e9xico 2023-2024 - World Justice Project (M\u00e9xico)\",\"isPartOf\":{\"@id\":\"https:\/\/worldjusticeproject.mx\/#website\"},\"primaryImageOfPage\":{\"@id\":\"https:\/\/worldjusticeproject.mx\/en\/presentacion-indice-de-estado-de-derecho-en-mexico-2023-2024\/#primaryimage\"},\"image\":{\"@id\":\"https:\/\/worldjusticeproject.mx\/en\/presentacion-indice-de-estado-de-derecho-en-mexico-2023-2024\/#primaryimage\"},\"thumbnailUrl\":\"https:\/\/worldjusticeproject.mx\/wp-content\/uploads\/2024\/06\/X-banner-23-24-scaled-e1717693217860.jpg\",\"datePublished\":\"2024-06-06T16:00:56+00:00\",\"dateModified\":\"2024-06-06T17:00:26+00:00\",\"author\":{\"@id\":\"https:\/\/worldjusticeproject.mx\/#\/schema\/person\/4dd2561c1e4485d2ac2cb170f20b86d9\"},\"breadcrumb\":{\"@id\":\"https:\/\/worldjusticeproject.mx\/en\/presentacion-indice-de-estado-de-derecho-en-mexico-2023-2024\/#breadcrumb\"},\"inLanguage\":\"en-US\",\"potentialAction\":[{\"@type\":\"ReadAction\",\"target\":[\"https:\/\/worldjusticeproject.mx\/en\/presentacion-indice-de-estado-de-derecho-en-mexico-2023-2024\/\"]}]},{\"@type\":\"ImageObject\",\"inLanguage\":\"en-US\",\"@id\":\"https:\/\/worldjusticeproject.mx\/en\/presentacion-indice-de-estado-de-derecho-en-mexico-2023-2024\/#primaryimage\",\"url\":\"https:\/\/worldjusticeproject.mx\/wp-content\/uploads\/2024\/06\/X-banner-23-24-scaled-e1717693217860.jpg\",\"contentUrl\":\"https:\/\/worldjusticeproject.mx\/wp-content\/uploads\/2024\/06\/X-banner-23-24-scaled-e1717693217860.jpg\",\"width\":1500,\"height\":500},{\"@type\":\"BreadcrumbList\",\"@id\":\"https:\/\/worldjusticeproject.mx\/en\/presentacion-indice-de-estado-de-derecho-en-mexico-2023-2024\/#breadcrumb\",\"itemListElement\":[{\"@type\":\"ListItem\",\"position\":1,\"name\":\"Home\",\"item\":\"https:\/\/worldjusticeproject.mx\/\"},{\"@type\":\"ListItem\",\"position\":2,\"name\":\"Presentaci\u00f3n \u00cdndice de Estado de Derecho en M\u00e9xico 2023-2024\"}]},{\"@type\":\"WebSite\",\"@id\":\"https:\/\/worldjusticeproject.mx\/#website\",\"url\":\"https:\/\/worldjusticeproject.mx\/\",\"name\":\"World Justice Project (M\u00e9xico)\",\"description\":\"Sitio web de la oficina en M\u00e9xico de la organizaci\u00f3n basada en Washington DC, Estados Unidos\",\"potentialAction\":[{\"@type\":\"SearchAction\",\"target\":{\"@type\":\"EntryPoint\",\"urlTemplate\":\"https:\/\/worldjusticeproject.mx\/?s={search_term_string}\"},\"query-input\":{\"@type\":\"PropertyValueSpecification\",\"valueRequired\":true,\"valueName\":\"search_term_string\"}}],\"inLanguage\":\"en-US\"},{\"@type\":\"Person\",\"@id\":\"https:\/\/worldjusticeproject.mx\/#\/schema\/person\/4dd2561c1e4485d2ac2cb170f20b86d9\",\"name\":\"World Justice Project M\u00e9xico\",\"image\":{\"@type\":\"ImageObject\",\"inLanguage\":\"en-US\",\"@id\":\"https:\/\/worldjusticeproject.mx\/#\/schema\/person\/image\/\",\"url\":\"https:\/\/secure.gravatar.com\/avatar\/3f5d203e83f8a63f4f5b9750664b86564eef1320a626a96c7006222a1fd31f47?s=96&d=wp_user_avatar&r=g\",\"contentUrl\":\"https:\/\/secure.gravatar.com\/avatar\/3f5d203e83f8a63f4f5b9750664b86564eef1320a626a96c7006222a1fd31f47?s=96&d=wp_user_avatar&r=g\",\"caption\":\"World Justice Project M\u00e9xico\"},\"url\":\"https:\/\/worldjusticeproject.mx\/en\/author\/editor\/\"}]}<\/script>\n<!-- \/ Yoast SEO plugin. -->","yoast_head_json":{"title":"Presentaci\u00f3n \u00cdndice de Estado de Derecho en M\u00e9xico 2023-2024 - World Justice Project (M\u00e9xico)","robots":{"index":"index","follow":"follow","max-snippet":"max-snippet:-1","max-image-preview":"max-image-preview:large","max-video-preview":"max-video-preview:-1"},"canonical":"https:\/\/worldjusticeproject.mx\/en\/presentacion-indice-de-estado-de-derecho-en-mexico-2023-2024\/","og_locale":"en_US","og_type":"article","og_title":"Presentaci\u00f3n \u00cdndice de Estado de Derecho en M\u00e9xico 2023-2024 - World Justice Project (M\u00e9xico)","og_description":"Reg\u00edstrate para ver la transmisi\u00f3n Por m\u00e1s de una d\u00e9cada, el World Justice Project\u00ae (WJP), ha generado la herramienta m\u00e1s completa para medir el Estado de Derecho en el mundo a trav\u00e9s del \u00cdndice Global de Estado de Derecho del WJP (WJP Rule of Law Index\u00ae, en ingl\u00e9s). Desde 2018, el WJP publica el \u00cdndice [&hellip;]","og_url":"https:\/\/worldjusticeproject.mx\/en\/presentacion-indice-de-estado-de-derecho-en-mexico-2023-2024\/","og_site_name":"World Justice Project (M\u00e9xico)","article_published_time":"2024-06-06T16:00:56+00:00","article_modified_time":"2024-06-06T17:00:26+00:00","og_image":[{"width":1500,"height":500,"url":"https:\/\/worldjusticeproject.mx\/wp-content\/uploads\/2024\/06\/X-banner-23-24-scaled-e1717693217860.jpg","type":"image\/jpeg"}],"author":"World Justice Project M\u00e9xico","twitter_card":"summary_large_image","twitter_misc":{"Written by":"World Justice Project M\u00e9xico","Est. reading time":"2 minutes"},"schema":{"@context":"https:\/\/schema.org","@graph":[{"@type":"WebPage","@id":"https:\/\/worldjusticeproject.mx\/en\/presentacion-indice-de-estado-de-derecho-en-mexico-2023-2024\/","url":"https:\/\/worldjusticeproject.mx\/en\/presentacion-indice-de-estado-de-derecho-en-mexico-2023-2024\/","name":"Presentaci\u00f3n \u00cdndice de Estado de Derecho en M\u00e9xico 2023-2024 - World Justice Project (M\u00e9xico)","isPartOf":{"@id":"https:\/\/worldjusticeproject.mx\/#website"},"primaryImageOfPage":{"@id":"https:\/\/worldjusticeproject.mx\/en\/presentacion-indice-de-estado-de-derecho-en-mexico-2023-2024\/#primaryimage"},"image":{"@id":"https:\/\/worldjusticeproject.mx\/en\/presentacion-indice-de-estado-de-derecho-en-mexico-2023-2024\/#primaryimage"},"thumbnailUrl":"https:\/\/worldjusticeproject.mx\/wp-content\/uploads\/2024\/06\/X-banner-23-24-scaled-e1717693217860.jpg","datePublished":"2024-06-06T16:00:56+00:00","dateModified":"2024-06-06T17:00:26+00:00","author":{"@id":"https:\/\/worldjusticeproject.mx\/#\/schema\/person\/4dd2561c1e4485d2ac2cb170f20b86d9"},"breadcrumb":{"@id":"https:\/\/worldjusticeproject.mx\/en\/presentacion-indice-de-estado-de-derecho-en-mexico-2023-2024\/#breadcrumb"},"inLanguage":"en-US","potentialAction":[{"@type":"ReadAction","target":["https:\/\/worldjusticeproject.mx\/en\/presentacion-indice-de-estado-de-derecho-en-mexico-2023-2024\/"]}]},{"@type":"ImageObject","inLanguage":"en-US","@id":"https:\/\/worldjusticeproject.mx\/en\/presentacion-indice-de-estado-de-derecho-en-mexico-2023-2024\/#primaryimage","url":"https:\/\/worldjusticeproject.mx\/wp-content\/uploads\/2024\/06\/X-banner-23-24-scaled-e1717693217860.jpg","contentUrl":"https:\/\/worldjusticeproject.mx\/wp-content\/uploads\/2024\/06\/X-banner-23-24-scaled-e1717693217860.jpg","width":1500,"height":500},{"@type":"BreadcrumbList","@id":"https:\/\/worldjusticeproject.mx\/en\/presentacion-indice-de-estado-de-derecho-en-mexico-2023-2024\/#breadcrumb","itemListElement":[{"@type":"ListItem","position":1,"name":"Home","item":"https:\/\/worldjusticeproject.mx\/"},{"@type":"ListItem","position":2,"name":"Presentaci\u00f3n \u00cdndice de Estado de Derecho en M\u00e9xico 2023-2024"}]},{"@type":"WebSite","@id":"https:\/\/worldjusticeproject.mx\/#website","url":"https:\/\/worldjusticeproject.mx\/","name":"World Justice Project (M\u00e9xico)","description":"Sitio web de la oficina en M\u00e9xico de la organizaci\u00f3n basada en Washington DC, Estados Unidos","potentialAction":[{"@type":"SearchAction","target":{"@type":"EntryPoint","urlTemplate":"https:\/\/worldjusticeproject.mx\/?s={search_term_string}"},"query-input":{"@type":"PropertyValueSpecification","valueRequired":true,"valueName":"search_term_string"}}],"inLanguage":"en-US"},{"@type":"Person","@id":"https:\/\/worldjusticeproject.mx\/#\/schema\/person\/4dd2561c1e4485d2ac2cb170f20b86d9","name":"World Justice Project M\u00e9xico","image":{"@type":"ImageObject","inLanguage":"en-US","@id":"https:\/\/worldjusticeproject.mx\/#\/schema\/person\/image\/","url":"https:\/\/secure.gravatar.com\/avatar\/3f5d203e83f8a63f4f5b9750664b86564eef1320a626a96c7006222a1fd31f47?s=96&d=wp_user_avatar&r=g","contentUrl":"https:\/\/secure.gravatar.com\/avatar\/3f5d203e83f8a63f4f5b9750664b86564eef1320a626a96c7006222a1fd31f47?s=96&d=wp_user_avatar&r=g","caption":"World Justice Project M\u00e9xico"},"url":"https:\/\/worldjusticeproject.mx\/en\/author\/editor\/"}]}},"_links":{"self":[{"href":"https:\/\/worldjusticeproject.mx\/en\/wp-json\/wp\/v2\/posts\/4929","targetHints":{"allow":["GET"]}}],"collection":[{"href":"https:\/\/worldjusticeproject.mx\/en\/wp-json\/wp\/v2\/posts"}],"about":[{"href":"https:\/\/worldjusticeproject.mx\/en\/wp-json\/wp\/v2\/types\/post"}],"author":[{"embeddable":true,"href":"https:\/\/worldjusticeproject.mx\/en\/wp-json\/wp\/v2\/users\/3"}],"replies":[{"embeddable":true,"href":"https:\/\/worldjusticeproject.mx\/en\/wp-json\/wp\/v2\/comments?post=4929"}],"version-history":[{"count":5,"href":"https:\/\/worldjusticeproject.mx\/en\/wp-json\/wp\/v2\/posts\/4929\/revisions"}],"predecessor-version":[{"id":4945,"href":"https:\/\/worldjusticeproject.mx\/en\/wp-json\/wp\/v2\/posts\/4929\/revisions\/4945"}],"wp:featuredmedia":[{"embeddable":true,"href":"https:\/\/worldjusticeproject.mx\/en\/wp-json\/wp\/v2\/media\/4930"}],"wp:attachment":[{"href":"https:\/\/worldjusticeproject.mx\/en\/wp-json\/wp\/v2\/media?parent=4929"}],"wp:term":[{"taxonomy":"category","embeddable":true,"href":"https:\/\/worldjusticeproject.mx\/en\/wp-json\/wp\/v2\/categories?post=4929"},{"taxonomy":"post_tag","embeddable":true,"href":"https:\/\/worldjusticeproject.mx\/en\/wp-json\/wp\/v2\/tags?post=4929"}],"curies":[{"name":"wp","href":"https:\/\/api.w.org\/{rel}","templated":true}]}}