{"id":5495,"date":"2024-11-07T22:21:16","date_gmt":"2024-11-08T04:21:16","guid":{"rendered":"https:\/\/worldjusticeproject.mx\/?p=5495"},"modified":"2024-11-07T22:37:54","modified_gmt":"2024-11-08T04:37:54","slug":"continuamos-trabajando-por-el-fortalecimiento-del-acceso-a-la-justicia-de-las-comunidades-indigenas-del-estado-de-mexico-a-traves-de-los-centros-de-paz-y-dialogo","status":"publish","type":"post","link":"https:\/\/worldjusticeproject.mx\/en\/continuamos-trabajando-por-el-fortalecimiento-del-acceso-a-la-justicia-de-las-comunidades-indigenas-del-estado-de-mexico-a-traves-de-los-centros-de-paz-y-dialogo\/","title":{"rendered":"Continuamos trabajando por el Fortalecimiento del acceso a la justicia de las comunidades ind\u00edgenas del Estado de M\u00e9xico a trav\u00e9s de los Centros de Paz y Di\u00e1logo"},"content":{"rendered":"\t\t<div data-elementor-type=\"wp-post\" data-elementor-id=\"5495\" class=\"elementor elementor-5495\" data-elementor-post-type=\"post\">\n\t\t\t\t<div class=\"elementor-element elementor-element-a32122f e-flex e-con-boxed e-con e-parent\" data-id=\"a32122f\" data-element_type=\"container\">\n\t\t\t\t\t<div class=\"e-con-inner\">\n\t\t\t\t<div class=\"elementor-element elementor-element-e9e51f5 elementor-widget elementor-widget-text-editor\" data-id=\"e9e51f5\" data-element_type=\"widget\" data-widget_type=\"text-editor.default\">\n\t\t\t\t<div class=\"elementor-widget-container\">\n\t\t\t\t\t\t\t\t\t<div><p><span lang=\"ES-ES\" xml:lang=\"ES-ES\" data-contrast=\"auto\">Desde septiembre de 2023 comenzamos el proyecto <\/span><strong><span lang=\"ES-MX\" style=\"color: #482d8b;\" xml:lang=\"ES-MX\" data-contrast=\"auto\">\u201cEl fortalecimiento del acceso a la justicia de las comunidades ind\u00edgenas del Estado de M\u00e9xico a trav\u00e9s de los Centros de Paz y Di\u00e1logo\u201d<\/span><\/strong><span lang=\"ES-ES\" xml:lang=\"ES-ES\" data-contrast=\"auto\">enfocado en documentar c\u00f3mo funcionan los Centros de Paz y Di\u00e1logo y en fortalecer estos espacios comunitarios de resoluci\u00f3n de conflictos.<\/span>\u00a0<\/p><\/div><div><p><span lang=\"ES-ES\" xml:lang=\"ES-ES\" data-contrast=\"auto\">En los CPD distintos conflictos se logran resolver mediante la mediaci\u00f3n puesto que son centros comunitarios accesibles, cercanos y con pertinencia cultural de forma que contribuyen a mitigar los obst\u00e1culos comunes que enfrentan los pueblos ind\u00edgenas cuando necesitan recurrir a la justicia por cuestiones como la distancia, el costo, las barreras ling\u00fc\u00edsticas, los estereotipos o los procesos formalistas. Adem\u00e1s, los CPD integran un enfoque comunitario y restaurativo a la resoluci\u00f3n de conflictos.<\/span><span lang=\"ES-MX\" xml:lang=\"ES-MX\" data-contrast=\"auto\">\u202f<\/span>\u00a0<\/p><\/div>\t\t\t\t\t\t\t\t<\/div>\n\t\t\t\t<\/div>\n\t\t\t\t<div class=\"elementor-element elementor-element-1c64cc9 elementor-widget elementor-widget-image\" data-id=\"1c64cc9\" data-element_type=\"widget\" data-widget_type=\"image.default\">\n\t\t\t\t<div class=\"elementor-widget-container\">\n\t\t\t\t\t\t\t\t\t\t\t\t\t\t\t<img fetchpriority=\"high\" decoding=\"async\" width=\"800\" height=\"600\" src=\"https:\/\/worldjusticeproject.mx\/wp-content\/uploads\/2024\/11\/IMG_3523-970x728.jpg\" class=\"attachment-large size-large wp-image-5498\" alt=\"\" srcset=\"https:\/\/worldjusticeproject.mx\/wp-content\/uploads\/2024\/11\/IMG_3523-970x728.jpg 970w, https:\/\/worldjusticeproject.mx\/wp-content\/uploads\/2024\/11\/IMG_3523-470x353.jpg 470w, https:\/\/worldjusticeproject.mx\/wp-content\/uploads\/2024\/11\/IMG_3523-170x128.jpg 170w, https:\/\/worldjusticeproject.mx\/wp-content\/uploads\/2024\/11\/IMG_3523-768x576.jpg 768w, https:\/\/worldjusticeproject.mx\/wp-content\/uploads\/2024\/11\/IMG_3523-1536x1152.jpg 1536w, https:\/\/worldjusticeproject.mx\/wp-content\/uploads\/2024\/11\/IMG_3523-16x12.jpg 16w, https:\/\/worldjusticeproject.mx\/wp-content\/uploads\/2024\/11\/IMG_3523.jpg 2000w\" sizes=\"(max-width: 800px) 100vw, 800px\" \/>\t\t\t\t\t\t\t\t\t\t\t\t\t\t\t<\/div>\n\t\t\t\t<\/div>\n\t\t\t\t\t<\/div>\n\t\t\t\t<\/div>\n\t\t<div class=\"elementor-element elementor-element-cbee6d3 e-flex e-con-boxed e-con e-parent\" data-id=\"cbee6d3\" data-element_type=\"container\">\n\t\t\t\t\t<div class=\"e-con-inner\">\n\t\t\t\t<div class=\"elementor-element elementor-element-5b9f5b4 elementor-widget elementor-widget-text-editor\" data-id=\"5b9f5b4\" data-element_type=\"widget\" data-widget_type=\"text-editor.default\">\n\t\t\t\t<div class=\"elementor-widget-container\">\n\t\t\t\t\t\t\t\t\t<div><p><span lang=\"ES-MX\" xml:lang=\"ES-MX\" data-contrast=\"auto\">Las estrategias que desde <strong><span style=\"color: #482d8b;\">World Justice Project<\/span><\/strong> implementamos para fortalecer a los CPD se basan en tres estrategias clave:\u202f<\/span>\u00a0<\/p><\/div><div><ol role=\"list\" start=\"1\"><li role=\"listitem\" data-leveltext=\"%1.\" data-font=\"\" data-listid=\"1\" data-list-defn-props=\"{&quot;335552541&quot;:0,&quot;335559685&quot;:720,&quot;335559991&quot;:360,&quot;469769242&quot;:[65533,0],&quot;469777803&quot;:&quot;left&quot;,&quot;469777804&quot;:&quot;%1.&quot;,&quot;469777815&quot;:&quot;multilevel&quot;}\" aria-setsize=\"-1\" data-aria-posinset=\"1\" data-aria-level=\"1\"><p><span style=\"color: #0000ff;\"><a style=\"color: #0000ff;\" href=\"https:\/\/worldjusticeproject.mx\/centrosdepazydialogo\/\" target=\"_blank\" rel=\"noreferrer noopener\"><span lang=\"ES-MX\" xml:lang=\"ES-MX\" data-contrast=\"none\">Producir investigaciones s\u00f3lidas<\/span><\/a><\/span><span lang=\"ES-MX\" xml:lang=\"ES-MX\" data-contrast=\"auto\"> que ofrezcan una visi\u00f3n de los CPD desde la perspectiva de los pueblos y comunidades ind\u00edgenas que explique c\u00f3mo funcionan, qui\u00e9nes los operan y qui\u00e9nes los usan, su vinculaci\u00f3n con las autoridades tradicionales y normas internas, as\u00ed como las necesidades y retos que enfrentan para ser un modelo sostenible.\u00a0<\/span>\u00a0<\/p><\/li><\/ol><\/div><div><ol role=\"list\" start=\"2\"><li role=\"listitem\" data-leveltext=\"%1.\" data-font=\"\" data-listid=\"2\" data-list-defn-props=\"{&quot;335551671&quot;:2,&quot;335552541&quot;:0,&quot;335559685&quot;:720,&quot;335559991&quot;:360,&quot;469769242&quot;:[65533,0],&quot;469777803&quot;:&quot;left&quot;,&quot;469777804&quot;:&quot;%1.&quot;,&quot;469777815&quot;:&quot;multilevel&quot;}\" aria-setsize=\"-1\" data-aria-posinset=\"2\" data-aria-level=\"1\"><p><span lang=\"ES-ES\" xml:lang=\"ES-ES\" data-contrast=\"auto\">Organizar <\/span><span style=\"color: #0000ff;\"><a style=\"color: #0000ff;\" href=\"https:\/\/worldjusticeproject.mx\/encuentro-de-justicia-alternativa-con-pueblos-originarios\/\" target=\"_blank\" rel=\"noreferrer noopener\"><span lang=\"ES-ES\" xml:lang=\"ES-ES\" data-contrast=\"none\">Encuentros de Justicia Alternativa<\/span><\/a><\/span><span lang=\"ES-ES\" xml:lang=\"ES-ES\" data-contrast=\"auto\"> en los que participen distintas autoridades tradicionales y personas mediadoras ind\u00edgenas de diversas regiones del pa\u00eds con el prop\u00f3sito de intercambiar y compartir lecciones y herramientas sobre la resoluci\u00f3n de conflictos dentro de sus propias comunidades.\u202f<\/span><span lang=\"ES-MX\" xml:lang=\"ES-MX\" data-contrast=\"auto\">\u202f<\/span>\u00a0<\/p><\/li><\/ol><\/div><div><ol role=\"list\" start=\"3\"><li role=\"listitem\" data-leveltext=\"%1.\" data-font=\"\" data-listid=\"3\" data-list-defn-props=\"{&quot;335551671&quot;:3,&quot;335552541&quot;:0,&quot;335559685&quot;:720,&quot;335559991&quot;:360,&quot;469769242&quot;:[65533,0],&quot;469777803&quot;:&quot;left&quot;,&quot;469777804&quot;:&quot;%1.&quot;,&quot;469777815&quot;:&quot;multilevel&quot;}\" aria-setsize=\"-1\" data-aria-posinset=\"3\" data-aria-level=\"1\"><p><span lang=\"ES-ES\" xml:lang=\"ES-ES\" data-contrast=\"auto\">Ampliar la <\/span><span style=\"color: #0000ff;\"><a style=\"color: #0000ff;\" href=\"https:\/\/worldjusticeproject.mx\/seminario-internacional-sobre-justicia-comunitaria-y-tradicional-con-comunidades-indigenas-de-mexico-y-canada\/\" target=\"_blank\" rel=\"noreferrer noopener\"><span lang=\"ES-ES\" xml:lang=\"ES-ES\" data-contrast=\"none\">visibilidad de los CPD<\/span><\/a><\/span><span lang=\"ES-ES\" xml:lang=\"ES-ES\" data-contrast=\"auto\"> dentro de sus comunidades mediante materiales escritos y visuales (por ejemplo, fotograf\u00eda documental), dentro del ecosistema de justicia y ante la comunidad internacional pr\u00e1ctica que promueve la Justicia Comunitaria y Tradicional.\u202f<\/span><span lang=\"ES-MX\" xml:lang=\"ES-MX\" data-contrast=\"auto\">\u202f<\/span>\u00a0<\/p><\/li><\/ol><\/div>\t\t\t\t\t\t\t\t<\/div>\n\t\t\t\t<\/div>\n\t\t\t\t\t<\/div>\n\t\t\t\t<\/div>\n\t\t<div class=\"elementor-element elementor-element-8e14548 e-flex e-con-boxed e-con e-parent\" data-id=\"8e14548\" data-element_type=\"container\">\n\t\t\t\t\t<div class=\"e-con-inner\">\n\t\t\t\t<div class=\"elementor-element elementor-element-cf3f5f9 elementor-widget elementor-widget-text-editor\" data-id=\"cf3f5f9\" data-element_type=\"widget\" data-widget_type=\"text-editor.default\">\n\t\t\t\t<div class=\"elementor-widget-container\">\n\t\t\t\t\t\t\t\t\t<div><p><strong><span style=\"color: #482d8b;\"><span lang=\"ES-ES\" xml:lang=\"ES-ES\" data-contrast=\"auto\">Gracias al trabajo y esfuerzo de todo el equipo logramos los objetivos planteados en la primera fase y es por eso que la <\/span><span lang=\"ES-MX\" xml:lang=\"ES-MX\" data-contrast=\"auto\">Embajada de Canad\u00e1 en M\u00e9xico, a trav\u00e9s del Fondo Canad\u00e1 para Iniciativas Locales, decidi\u00f3 apoyar por segundo a\u00f1o consecutivo nuestro proyecto<\/span><span lang=\"ES-MX\" xml:lang=\"ES-MX\" data-contrast=\"auto\">.<\/span><\/span><\/strong>\u00a0<\/p><\/div><div><p><span lang=\"ES-MX\" xml:lang=\"ES-MX\" data-contrast=\"auto\">En esta segunda fase centramos la atenci\u00f3n en la comunidad ind\u00edgena tlahuica de San Juan Atzingo que alberga uno de estos Centros de Paz y Di\u00e1logo y al cual llegan diversas problem\u00e1ticas de la comunidad, entre las cuales se encuentra la creciente preocupaci\u00f3n por la tala ilegal en su bosque. Para profundizar m\u00e1s en la complejidad de este conflicto, realizamos entrevistas a las personas que habitan en la comunidad y exploramos c\u00f3mo el CPD podr\u00eda ser un espacio en el que se resuelvan algunas de las aristas de este problema.\u00a0<\/span>\u00a0<\/p><\/div>\t\t\t\t\t\t\t\t<\/div>\n\t\t\t\t<\/div>\n\t\t\t\t\t<\/div>\n\t\t\t\t<\/div>\n\t\t<div class=\"elementor-element elementor-element-98122b3 e-flex e-con-boxed e-con e-parent\" data-id=\"98122b3\" data-element_type=\"container\">\n\t\t\t\t\t<div class=\"e-con-inner\">\n\t\t\t\t<div class=\"elementor-element elementor-element-d5e1fcf elementor-widget elementor-widget-image\" data-id=\"d5e1fcf\" data-element_type=\"widget\" data-widget_type=\"image.default\">\n\t\t\t\t<div class=\"elementor-widget-container\">\n\t\t\t\t\t\t\t\t\t\t\t\t\t\t\t<img decoding=\"async\" width=\"800\" height=\"1066\" src=\"https:\/\/worldjusticeproject.mx\/wp-content\/uploads\/2024\/11\/WJP-2024-14-970x1293.jpg\" class=\"attachment-large size-large wp-image-5499\" alt=\"\" srcset=\"https:\/\/worldjusticeproject.mx\/wp-content\/uploads\/2024\/11\/WJP-2024-14-970x1293.jpg 970w, https:\/\/worldjusticeproject.mx\/wp-content\/uploads\/2024\/11\/WJP-2024-14-470x627.jpg 470w, https:\/\/worldjusticeproject.mx\/wp-content\/uploads\/2024\/11\/WJP-2024-14-170x227.jpg 170w, https:\/\/worldjusticeproject.mx\/wp-content\/uploads\/2024\/11\/WJP-2024-14-768x1024.jpg 768w, https:\/\/worldjusticeproject.mx\/wp-content\/uploads\/2024\/11\/WJP-2024-14-1152x1536.jpg 1152w, https:\/\/worldjusticeproject.mx\/wp-content\/uploads\/2024\/11\/WJP-2024-14-9x12.jpg 9w, https:\/\/worldjusticeproject.mx\/wp-content\/uploads\/2024\/11\/WJP-2024-14.jpg 1500w\" sizes=\"(max-width: 800px) 100vw, 800px\" \/>\t\t\t\t\t\t\t\t\t\t\t\t\t\t\t<\/div>\n\t\t\t\t<\/div>\n\t\t\t\t<div class=\"elementor-element elementor-element-4bc3b0e elementor-widget elementor-widget-text-editor\" data-id=\"4bc3b0e\" data-element_type=\"widget\" data-widget_type=\"text-editor.default\">\n\t\t\t\t<div class=\"elementor-widget-container\">\n\t\t\t\t\t\t\t\t\t<div><p><span lang=\"ES-MX\" xml:lang=\"ES-MX\" data-contrast=\"auto\">Al igual que la primera fase, organizaremos un segundo encuentro de mediadores ind\u00edgenas de distintas partes del pa\u00eds en el que compartan sus experiencias, buenas pr\u00e1cticas y herramientas de mediaci\u00f3n. Asimismo, otorgamos un valor estrat\u00e9gico al componente visual que visibiliza los CPD, la importancia de los recursos naturales del bosque y las personas que habitan la comunidad, mediante una exposici\u00f3n fotogr\u00e1fica pr\u00f3xima a inaugurarse.<\/span> <span lang=\"ES-MX\" xml:lang=\"ES-MX\" data-contrast=\"auto\">\u202f<\/span>\u00a0<\/p><\/div><div><p><span lang=\"ES-MX\" xml:lang=\"ES-MX\" data-contrast=\"auto\">En resumen, mientras que en la primera fase del proyecto identificamos la relevancia de los CPD como espacios que ampl\u00edan el derecho de los pueblos ind\u00edgenas al acceso a la justicia, en esta segunda exploramos los alcances de estos Centros en una problem\u00e1tica espec\u00edfica con miras a fortalecerlos y visibilizarlos.<\/span>\u00a0<\/p><\/div>\t\t\t\t\t\t\t\t<\/div>\n\t\t\t\t<\/div>\n\t\t\t\t\t<\/div>\n\t\t\t\t<\/div>\n\t\t\t\t<\/div>\n\t\t","protected":false},"excerpt":{"rendered":"<p>Desde septiembre de 2023 comenzamos el proyecto \u201cEl fortalecimiento del acceso a la justicia de las comunidades ind\u00edgenas del Estado de M\u00e9xico a trav\u00e9s de los Centros de Paz y Di\u00e1logo\u201denfocado en documentar c\u00f3mo funcionan los Centros de Paz y Di\u00e1logo y en fortalecer estos espacios comunitarios de resoluci\u00f3n de conflictos. En los CPD distintos [&hellip;]<\/p>\n","protected":false},"author":3,"featured_media":5503,"comment_status":"closed","ping_status":"closed","sticky":false,"template":"","format":"standard","meta":{"footnotes":""},"categories":[1],"tags":[247,248,231,226],"class_list":["post-5495","post","type-post","status-publish","format-standard","has-post-thumbnail","hentry","category-noticias","tag-centros-de-paz-y-dialogo","tag-embajada-de-canada","tag-fondo-canada","tag-justicia-comunitaria"],"yoast_head":"<!-- This site is optimized with the Yoast SEO plugin v25.2 - https:\/\/yoast.com\/wordpress\/plugins\/seo\/ -->\n<title>Continuamos trabajando por el Fortalecimiento del acceso a la justicia de las comunidades ind\u00edgenas del Estado de M\u00e9xico a trav\u00e9s de los Centros de Paz y Di\u00e1logo - World Justice Project (M\u00e9xico)<\/title>\n<meta name=\"robots\" content=\"index, follow, max-snippet:-1, max-image-preview:large, max-video-preview:-1\" \/>\n<link rel=\"canonical\" href=\"https:\/\/worldjusticeproject.mx\/en\/continuamos-trabajando-por-el-fortalecimiento-del-acceso-a-la-justicia-de-las-comunidades-indigenas-del-estado-de-mexico-a-traves-de-los-centros-de-paz-y-dialogo\/\" \/>\n<meta property=\"og:locale\" content=\"en_US\" \/>\n<meta property=\"og:type\" content=\"article\" \/>\n<meta property=\"og:title\" content=\"Continuamos trabajando por el Fortalecimiento del acceso a la justicia de las comunidades ind\u00edgenas del Estado de M\u00e9xico a trav\u00e9s de los Centros de Paz y Di\u00e1logo - World Justice Project (M\u00e9xico)\" \/>\n<meta property=\"og:description\" content=\"Desde septiembre de 2023 comenzamos el proyecto \u201cEl fortalecimiento del acceso a la justicia de las comunidades ind\u00edgenas del Estado de M\u00e9xico a trav\u00e9s de los Centros de Paz y Di\u00e1logo\u201denfocado en documentar c\u00f3mo funcionan los Centros de Paz y Di\u00e1logo y en fortalecer estos espacios comunitarios de resoluci\u00f3n de conflictos. En los CPD distintos [&hellip;]\" \/>\n<meta property=\"og:url\" content=\"https:\/\/worldjusticeproject.mx\/en\/continuamos-trabajando-por-el-fortalecimiento-del-acceso-a-la-justicia-de-las-comunidades-indigenas-del-estado-de-mexico-a-traves-de-los-centros-de-paz-y-dialogo\/\" \/>\n<meta property=\"og:site_name\" content=\"World Justice Project (M\u00e9xico)\" \/>\n<meta property=\"article:published_time\" content=\"2024-11-08T04:21:16+00:00\" \/>\n<meta property=\"article:modified_time\" content=\"2024-11-08T04:37:54+00:00\" \/>\n<meta property=\"og:image\" content=\"https:\/\/worldjusticeproject.mx\/wp-content\/uploads\/2024\/11\/Captura-de-pantalla-2024-11-07-a-las-10.36.45\u202fp.m-970x594.png\" \/>\n\t<meta property=\"og:image:width\" content=\"970\" \/>\n\t<meta property=\"og:image:height\" content=\"594\" \/>\n\t<meta property=\"og:image:type\" content=\"image\/png\" \/>\n<meta name=\"author\" content=\"World Justice Project M\u00e9xico\" \/>\n<meta name=\"twitter:card\" content=\"summary_large_image\" \/>\n<meta name=\"twitter:label1\" content=\"Written by\" \/>\n\t<meta name=\"twitter:data1\" content=\"World Justice Project M\u00e9xico\" \/>\n\t<meta name=\"twitter:label2\" content=\"Est. reading time\" \/>\n\t<meta name=\"twitter:data2\" content=\"3 minutes\" \/>\n<script type=\"application\/ld+json\" class=\"yoast-schema-graph\">{\"@context\":\"https:\/\/schema.org\",\"@graph\":[{\"@type\":\"WebPage\",\"@id\":\"https:\/\/worldjusticeproject.mx\/continuamos-trabajando-por-el-fortalecimiento-del-acceso-a-la-justicia-de-las-comunidades-indigenas-del-estado-de-mexico-a-traves-de-los-centros-de-paz-y-dialogo\/\",\"url\":\"https:\/\/worldjusticeproject.mx\/continuamos-trabajando-por-el-fortalecimiento-del-acceso-a-la-justicia-de-las-comunidades-indigenas-del-estado-de-mexico-a-traves-de-los-centros-de-paz-y-dialogo\/\",\"name\":\"Continuamos trabajando por el Fortalecimiento del acceso a la justicia de las comunidades ind\u00edgenas del Estado de M\u00e9xico a trav\u00e9s de los Centros de Paz y Di\u00e1logo - World Justice Project (M\u00e9xico)\",\"isPartOf\":{\"@id\":\"https:\/\/worldjusticeproject.mx\/#website\"},\"primaryImageOfPage\":{\"@id\":\"https:\/\/worldjusticeproject.mx\/continuamos-trabajando-por-el-fortalecimiento-del-acceso-a-la-justicia-de-las-comunidades-indigenas-del-estado-de-mexico-a-traves-de-los-centros-de-paz-y-dialogo\/#primaryimage\"},\"image\":{\"@id\":\"https:\/\/worldjusticeproject.mx\/continuamos-trabajando-por-el-fortalecimiento-del-acceso-a-la-justicia-de-las-comunidades-indigenas-del-estado-de-mexico-a-traves-de-los-centros-de-paz-y-dialogo\/#primaryimage\"},\"thumbnailUrl\":\"https:\/\/worldjusticeproject.mx\/wp-content\/uploads\/2024\/11\/Captura-de-pantalla-2024-11-07-a-las-10.36.45\u202fp.m-e1731040710390.png\",\"datePublished\":\"2024-11-08T04:21:16+00:00\",\"dateModified\":\"2024-11-08T04:37:54+00:00\",\"author\":{\"@id\":\"https:\/\/worldjusticeproject.mx\/#\/schema\/person\/4dd2561c1e4485d2ac2cb170f20b86d9\"},\"breadcrumb\":{\"@id\":\"https:\/\/worldjusticeproject.mx\/continuamos-trabajando-por-el-fortalecimiento-del-acceso-a-la-justicia-de-las-comunidades-indigenas-del-estado-de-mexico-a-traves-de-los-centros-de-paz-y-dialogo\/#breadcrumb\"},\"inLanguage\":\"en-US\",\"potentialAction\":[{\"@type\":\"ReadAction\",\"target\":[\"https:\/\/worldjusticeproject.mx\/continuamos-trabajando-por-el-fortalecimiento-del-acceso-a-la-justicia-de-las-comunidades-indigenas-del-estado-de-mexico-a-traves-de-los-centros-de-paz-y-dialogo\/\"]}]},{\"@type\":\"ImageObject\",\"inLanguage\":\"en-US\",\"@id\":\"https:\/\/worldjusticeproject.mx\/continuamos-trabajando-por-el-fortalecimiento-del-acceso-a-la-justicia-de-las-comunidades-indigenas-del-estado-de-mexico-a-traves-de-los-centros-de-paz-y-dialogo\/#primaryimage\",\"url\":\"https:\/\/worldjusticeproject.mx\/wp-content\/uploads\/2024\/11\/Captura-de-pantalla-2024-11-07-a-las-10.36.45\u202fp.m-e1731040710390.png\",\"contentUrl\":\"https:\/\/worldjusticeproject.mx\/wp-content\/uploads\/2024\/11\/Captura-de-pantalla-2024-11-07-a-las-10.36.45\u202fp.m-e1731040710390.png\",\"width\":1224,\"height\":750},{\"@type\":\"BreadcrumbList\",\"@id\":\"https:\/\/worldjusticeproject.mx\/continuamos-trabajando-por-el-fortalecimiento-del-acceso-a-la-justicia-de-las-comunidades-indigenas-del-estado-de-mexico-a-traves-de-los-centros-de-paz-y-dialogo\/#breadcrumb\",\"itemListElement\":[{\"@type\":\"ListItem\",\"position\":1,\"name\":\"Home\",\"item\":\"https:\/\/worldjusticeproject.mx\/\"},{\"@type\":\"ListItem\",\"position\":2,\"name\":\"Continuamos trabajando por el Fortalecimiento del acceso a la justicia de las comunidades ind\u00edgenas del Estado de M\u00e9xico a trav\u00e9s de los Centros de Paz y Di\u00e1logo\"}]},{\"@type\":\"WebSite\",\"@id\":\"https:\/\/worldjusticeproject.mx\/#website\",\"url\":\"https:\/\/worldjusticeproject.mx\/\",\"name\":\"World Justice Project (M\u00e9xico)\",\"description\":\"Sitio web de la oficina en M\u00e9xico de la organizaci\u00f3n basada en Washington DC, Estados Unidos\",\"potentialAction\":[{\"@type\":\"SearchAction\",\"target\":{\"@type\":\"EntryPoint\",\"urlTemplate\":\"https:\/\/worldjusticeproject.mx\/?s={search_term_string}\"},\"query-input\":{\"@type\":\"PropertyValueSpecification\",\"valueRequired\":true,\"valueName\":\"search_term_string\"}}],\"inLanguage\":\"en-US\"},{\"@type\":\"Person\",\"@id\":\"https:\/\/worldjusticeproject.mx\/#\/schema\/person\/4dd2561c1e4485d2ac2cb170f20b86d9\",\"name\":\"World Justice Project M\u00e9xico\",\"image\":{\"@type\":\"ImageObject\",\"inLanguage\":\"en-US\",\"@id\":\"https:\/\/worldjusticeproject.mx\/#\/schema\/person\/image\/\",\"url\":\"https:\/\/secure.gravatar.com\/avatar\/3f5d203e83f8a63f4f5b9750664b86564eef1320a626a96c7006222a1fd31f47?s=96&d=wp_user_avatar&r=g\",\"contentUrl\":\"https:\/\/secure.gravatar.com\/avatar\/3f5d203e83f8a63f4f5b9750664b86564eef1320a626a96c7006222a1fd31f47?s=96&d=wp_user_avatar&r=g\",\"caption\":\"World Justice Project M\u00e9xico\"},\"url\":\"https:\/\/worldjusticeproject.mx\/en\/author\/editor\/\"}]}<\/script>\n<!-- \/ Yoast SEO plugin. -->","yoast_head_json":{"title":"Continuamos trabajando por el Fortalecimiento del acceso a la justicia de las comunidades ind\u00edgenas del Estado de M\u00e9xico a trav\u00e9s de los Centros de Paz y Di\u00e1logo - World Justice Project (M\u00e9xico)","robots":{"index":"index","follow":"follow","max-snippet":"max-snippet:-1","max-image-preview":"max-image-preview:large","max-video-preview":"max-video-preview:-1"},"canonical":"https:\/\/worldjusticeproject.mx\/en\/continuamos-trabajando-por-el-fortalecimiento-del-acceso-a-la-justicia-de-las-comunidades-indigenas-del-estado-de-mexico-a-traves-de-los-centros-de-paz-y-dialogo\/","og_locale":"en_US","og_type":"article","og_title":"Continuamos trabajando por el Fortalecimiento del acceso a la justicia de las comunidades ind\u00edgenas del Estado de M\u00e9xico a trav\u00e9s de los Centros de Paz y Di\u00e1logo - World Justice Project (M\u00e9xico)","og_description":"Desde septiembre de 2023 comenzamos el proyecto \u201cEl fortalecimiento del acceso a la justicia de las comunidades ind\u00edgenas del Estado de M\u00e9xico a trav\u00e9s de los Centros de Paz y Di\u00e1logo\u201denfocado en documentar c\u00f3mo funcionan los Centros de Paz y Di\u00e1logo y en fortalecer estos espacios comunitarios de resoluci\u00f3n de conflictos. En los CPD distintos [&hellip;]","og_url":"https:\/\/worldjusticeproject.mx\/en\/continuamos-trabajando-por-el-fortalecimiento-del-acceso-a-la-justicia-de-las-comunidades-indigenas-del-estado-de-mexico-a-traves-de-los-centros-de-paz-y-dialogo\/","og_site_name":"World Justice Project (M\u00e9xico)","article_published_time":"2024-11-08T04:21:16+00:00","article_modified_time":"2024-11-08T04:37:54+00:00","og_image":[{"width":970,"height":594,"url":"https:\/\/worldjusticeproject.mx\/wp-content\/uploads\/2024\/11\/Captura-de-pantalla-2024-11-07-a-las-10.36.45\u202fp.m-970x594.png","type":"image\/png"}],"author":"World Justice Project M\u00e9xico","twitter_card":"summary_large_image","twitter_misc":{"Written by":"World Justice Project M\u00e9xico","Est. reading time":"3 minutes"},"schema":{"@context":"https:\/\/schema.org","@graph":[{"@type":"WebPage","@id":"https:\/\/worldjusticeproject.mx\/continuamos-trabajando-por-el-fortalecimiento-del-acceso-a-la-justicia-de-las-comunidades-indigenas-del-estado-de-mexico-a-traves-de-los-centros-de-paz-y-dialogo\/","url":"https:\/\/worldjusticeproject.mx\/continuamos-trabajando-por-el-fortalecimiento-del-acceso-a-la-justicia-de-las-comunidades-indigenas-del-estado-de-mexico-a-traves-de-los-centros-de-paz-y-dialogo\/","name":"Continuamos trabajando por el Fortalecimiento del acceso a la justicia de las comunidades ind\u00edgenas del Estado de M\u00e9xico a trav\u00e9s de los Centros de Paz y Di\u00e1logo - World Justice Project (M\u00e9xico)","isPartOf":{"@id":"https:\/\/worldjusticeproject.mx\/#website"},"primaryImageOfPage":{"@id":"https:\/\/worldjusticeproject.mx\/continuamos-trabajando-por-el-fortalecimiento-del-acceso-a-la-justicia-de-las-comunidades-indigenas-del-estado-de-mexico-a-traves-de-los-centros-de-paz-y-dialogo\/#primaryimage"},"image":{"@id":"https:\/\/worldjusticeproject.mx\/continuamos-trabajando-por-el-fortalecimiento-del-acceso-a-la-justicia-de-las-comunidades-indigenas-del-estado-de-mexico-a-traves-de-los-centros-de-paz-y-dialogo\/#primaryimage"},"thumbnailUrl":"https:\/\/worldjusticeproject.mx\/wp-content\/uploads\/2024\/11\/Captura-de-pantalla-2024-11-07-a-las-10.36.45\u202fp.m-e1731040710390.png","datePublished":"2024-11-08T04:21:16+00:00","dateModified":"2024-11-08T04:37:54+00:00","author":{"@id":"https:\/\/worldjusticeproject.mx\/#\/schema\/person\/4dd2561c1e4485d2ac2cb170f20b86d9"},"breadcrumb":{"@id":"https:\/\/worldjusticeproject.mx\/continuamos-trabajando-por-el-fortalecimiento-del-acceso-a-la-justicia-de-las-comunidades-indigenas-del-estado-de-mexico-a-traves-de-los-centros-de-paz-y-dialogo\/#breadcrumb"},"inLanguage":"en-US","potentialAction":[{"@type":"ReadAction","target":["https:\/\/worldjusticeproject.mx\/continuamos-trabajando-por-el-fortalecimiento-del-acceso-a-la-justicia-de-las-comunidades-indigenas-del-estado-de-mexico-a-traves-de-los-centros-de-paz-y-dialogo\/"]}]},{"@type":"ImageObject","inLanguage":"en-US","@id":"https:\/\/worldjusticeproject.mx\/continuamos-trabajando-por-el-fortalecimiento-del-acceso-a-la-justicia-de-las-comunidades-indigenas-del-estado-de-mexico-a-traves-de-los-centros-de-paz-y-dialogo\/#primaryimage","url":"https:\/\/worldjusticeproject.mx\/wp-content\/uploads\/2024\/11\/Captura-de-pantalla-2024-11-07-a-las-10.36.45\u202fp.m-e1731040710390.png","contentUrl":"https:\/\/worldjusticeproject.mx\/wp-content\/uploads\/2024\/11\/Captura-de-pantalla-2024-11-07-a-las-10.36.45\u202fp.m-e1731040710390.png","width":1224,"height":750},{"@type":"BreadcrumbList","@id":"https:\/\/worldjusticeproject.mx\/continuamos-trabajando-por-el-fortalecimiento-del-acceso-a-la-justicia-de-las-comunidades-indigenas-del-estado-de-mexico-a-traves-de-los-centros-de-paz-y-dialogo\/#breadcrumb","itemListElement":[{"@type":"ListItem","position":1,"name":"Home","item":"https:\/\/worldjusticeproject.mx\/"},{"@type":"ListItem","position":2,"name":"Continuamos trabajando por el Fortalecimiento del acceso a la justicia de las comunidades ind\u00edgenas del Estado de M\u00e9xico a trav\u00e9s de los Centros de Paz y Di\u00e1logo"}]},{"@type":"WebSite","@id":"https:\/\/worldjusticeproject.mx\/#website","url":"https:\/\/worldjusticeproject.mx\/","name":"World Justice Project (M\u00e9xico)","description":"Sitio web de la oficina en M\u00e9xico de la organizaci\u00f3n basada en Washington DC, Estados Unidos","potentialAction":[{"@type":"SearchAction","target":{"@type":"EntryPoint","urlTemplate":"https:\/\/worldjusticeproject.mx\/?s={search_term_string}"},"query-input":{"@type":"PropertyValueSpecification","valueRequired":true,"valueName":"search_term_string"}}],"inLanguage":"en-US"},{"@type":"Person","@id":"https:\/\/worldjusticeproject.mx\/#\/schema\/person\/4dd2561c1e4485d2ac2cb170f20b86d9","name":"World Justice Project M\u00e9xico","image":{"@type":"ImageObject","inLanguage":"en-US","@id":"https:\/\/worldjusticeproject.mx\/#\/schema\/person\/image\/","url":"https:\/\/secure.gravatar.com\/avatar\/3f5d203e83f8a63f4f5b9750664b86564eef1320a626a96c7006222a1fd31f47?s=96&d=wp_user_avatar&r=g","contentUrl":"https:\/\/secure.gravatar.com\/avatar\/3f5d203e83f8a63f4f5b9750664b86564eef1320a626a96c7006222a1fd31f47?s=96&d=wp_user_avatar&r=g","caption":"World Justice Project M\u00e9xico"},"url":"https:\/\/worldjusticeproject.mx\/en\/author\/editor\/"}]}},"_links":{"self":[{"href":"https:\/\/worldjusticeproject.mx\/en\/wp-json\/wp\/v2\/posts\/5495","targetHints":{"allow":["GET"]}}],"collection":[{"href":"https:\/\/worldjusticeproject.mx\/en\/wp-json\/wp\/v2\/posts"}],"about":[{"href":"https:\/\/worldjusticeproject.mx\/en\/wp-json\/wp\/v2\/types\/post"}],"author":[{"embeddable":true,"href":"https:\/\/worldjusticeproject.mx\/en\/wp-json\/wp\/v2\/users\/3"}],"replies":[{"embeddable":true,"href":"https:\/\/worldjusticeproject.mx\/en\/wp-json\/wp\/v2\/comments?post=5495"}],"version-history":[{"count":5,"href":"https:\/\/worldjusticeproject.mx\/en\/wp-json\/wp\/v2\/posts\/5495\/revisions"}],"predecessor-version":[{"id":5504,"href":"https:\/\/worldjusticeproject.mx\/en\/wp-json\/wp\/v2\/posts\/5495\/revisions\/5504"}],"wp:featuredmedia":[{"embeddable":true,"href":"https:\/\/worldjusticeproject.mx\/en\/wp-json\/wp\/v2\/media\/5503"}],"wp:attachment":[{"href":"https:\/\/worldjusticeproject.mx\/en\/wp-json\/wp\/v2\/media?parent=5495"}],"wp:term":[{"taxonomy":"category","embeddable":true,"href":"https:\/\/worldjusticeproject.mx\/en\/wp-json\/wp\/v2\/categories?post=5495"},{"taxonomy":"post_tag","embeddable":true,"href":"https:\/\/worldjusticeproject.mx\/en\/wp-json\/wp\/v2\/tags?post=5495"}],"curies":[{"name":"wp","href":"https:\/\/api.w.org\/{rel}","templated":true}]}}