{"id":5505,"date":"2024-11-29T11:29:40","date_gmt":"2024-11-29T17:29:40","guid":{"rendered":"https:\/\/worldjusticeproject.mx\/?p=5505"},"modified":"2025-01-21T17:04:21","modified_gmt":"2025-01-21T23:04:21","slug":"segundo-encuentro-de-justicia-alternativa","status":"publish","type":"post","link":"https:\/\/worldjusticeproject.mx\/en\/segundo-encuentro-de-justicia-alternativa\/","title":{"rendered":"Segundo Encuentro de Justicia Alternativa"},"content":{"rendered":"<div data-elementor-type=\"wp-post\" data-elementor-id=\"5505\" class=\"elementor elementor-5505\" data-elementor-post-type=\"post\">\n\t\t\t\t<div class=\"elementor-element elementor-element-2301a4c e-flex e-con-boxed e-con e-parent\" data-id=\"2301a4c\" data-element_type=\"container\">\n\t\t\t\t\t<div class=\"e-con-inner\">\n\t\t\t\t<div class=\"elementor-element elementor-element-87266da elementor-widget elementor-widget-text-editor\" data-id=\"87266da\" data-element_type=\"widget\" data-widget_type=\"text-editor.default\">\n\t\t\t\t<div class=\"elementor-widget-container\">\n\t\t\t\t\t\t\t\t\t<p>El pasado 2 de diciembre de 2024 se realiz\u00f3 el <strong><span style=\"color: #482d8b;\">2\u00ba Encuentro de Justicia Alternativa<\/span><\/strong>, un espacio de intercambio acerca de la justicia alternativa, comunitaria y tradicional en las comunidades ind\u00edgenas de Hidalgo, Estado de M\u00e9xico y Quintana Roo.<\/p><p>Con este Segundo Encuentro, buscamos, por un lado, <strong><span style=\"color: #482d8b;\">enriquecer la reflexi\u00f3n en torno a la resoluci\u00f3n de conflictos cotidianos dentro de las comunidades ind\u00edgenas<\/span><\/strong> por parte de los propios operadores y operadoras de los centros de medici\u00f3n, comunitarios o juzgados tradicionales. Por otro lado, se busca <strong><span style=\"color: #482d8b;\">ampliar la visibilidad y relevancia de mecanismos no jurisdiccionales<\/span><\/strong>, como v\u00edas accesibles y \u00fatiles para la resoluci\u00f3n de conflictos al interior de las comunidades ind\u00edgenas.\u00a0<\/p><p>El <strong><span style=\"color: #482d8b;\">Segundo Encuentro de Justicia Alternativa<\/span><\/strong> tuvo tres componentes, el primero consisti\u00f3 en el intercambio de las distintas cosmovisiones, sistemas normativos e identidades de quienes participar\u00e1n en el Encuentro; el segundo componente busc\u00f3 conocer los distintos modelos de resoluci\u00f3n de conflictos incluyendo su interacci\u00f3n con los sistemas de justicia formal (o jurisdiccional) y el tercero se centr\u00f3 en el intercambio de casos, experiencias y aprendizajes entre personas ind\u00edgenas de distintas entidades que participan.<\/p><p>En esta edici\u00f3n participaron autoridades tradicionales, facilitadores y mediadores del <strong><span style=\"color: #482d8b;\">Centro de Justicia Alternativa de Hidalgo del Poder Judicial del Estado<\/span><\/strong>, jueces mayas e integrantes del <span style=\"color: #482d8b;\"><strong>Centro de Justicia Alternativa del Poder Judicial de Quintana Roo<\/strong><\/span>, operadores de los <strong><span style=\"color: #482d8b;\">Centros de Paz y Di\u00e1logo del Estado de M\u00e9xico<\/span><\/strong> y mediadores del <strong><span style=\"color: #482d8b;\">Centro de Mediaci\u00f3n, Conciliaci\u00f3n y Justicia Restaurativa del Poder Judicial del Estado de M\u00e9xico<\/span><\/strong>.<\/p>\t\t\t\t\t\t\t\t<\/div>\n\t\t\t\t<\/div>\n\t\t\t\t\t<\/div>\n\t\t\t\t<\/div>\n\t\t<div class=\"elementor-element elementor-element-7814f4a e-flex e-con-boxed e-con e-parent\" data-id=\"7814f4a\" data-element_type=\"container\">\n\t\t\t\t\t<div class=\"e-con-inner\">\n\t\t\t\t<div class=\"elementor-element elementor-element-dba7ec3 elementor-align-center elementor-widget elementor-widget-button\" data-id=\"dba7ec3\" data-element_type=\"widget\" data-widget_type=\"button.default\">\n\t\t\t\t<div class=\"elementor-widget-container\">\n\t\t\t\t\t\t\t\t\t<div class=\"elementor-button-wrapper\">\n\t\t\t\t\t<a class=\"elementor-button elementor-button-link elementor-size-sm\" href=\"https:\/\/worldjusticeproject.mx\/wp-content\/uploads\/2025\/01\/Relatoria_II-Encuentro-de-mediadores-RF.pdf\" target=\"_blank\">\n\t\t\t\t\t\t<span class=\"elementor-button-content-wrapper\">\n\t\t\t\t\t\t\t\t\t<span class=\"elementor-button-text\">Consulta la relator\u00eda del 2\u00ba Encuentro de Justicia Alternativa  aqu\u00ed<\/span>\n\t\t\t\t\t<\/span>\n\t\t\t\t\t<\/a>\n\t\t\t\t<\/div>\n\t\t\t\t\t\t\t\t<\/div>\n\t\t\t\t<\/div>\n\t\t\t\t\t<\/div>\n\t\t\t\t<\/div>\n\t\t<div class=\"elementor-element elementor-element-4e9d99b e-flex e-con-boxed e-con e-parent\" data-id=\"4e9d99b\" data-element_type=\"container\">\n\t\t\t\t\t<div class=\"e-con-inner\">\n\t\t\t\t<div class=\"elementor-element elementor-element-a93f335 elementor-widget elementor-widget-text-editor\" data-id=\"a93f335\" data-element_type=\"widget\" data-widget_type=\"text-editor.default\">\n\t\t\t\t<div class=\"elementor-widget-container\">\n\t\t\t\t\t\t\t\t\t<p>Este Segundo Encuentro forma parte del proyecto <span style=\"color: #0000ff;\"><a style=\"color: #0000ff;\" href=\"https:\/\/worldjusticeproject.mx\/centros-de-paz-y-dialogo-un-modelo-de-justicia-alternativa-y-comunitaria-en-el-estado-de-mexico\/\"><strong>\u201cEl fortalecimiento del acceso a la justicia de las comunidades ind\u00edgenas del Estado de M\u00e9xico a trav\u00e9s de los Centros de Paz y Di\u00e1logo (CPD)\u201d<\/strong><\/a><\/span> que realizamos desde 2023, gracias al financiamiento del<strong><span style=\"color: #482d8b;\"> Fondo Canad\u00e1 para Iniciativas Locales<\/span><\/strong> (FCIL) de la <span style=\"color: #482d8b;\"><strong>Embajada de Canad\u00e1 en M\u00e9xico<\/strong><\/span>.<\/p>\t\t\t\t\t\t\t\t<\/div>\n\t\t\t\t<\/div>\n\t\t\t\t\t<\/div>\n\t\t\t\t<\/div>\n\t\t\t\t<\/div>","protected":false},"excerpt":{"rendered":"<p>El pasado 2 de diciembre de 2024 se realiz\u00f3 el 2\u00ba Encuentro de Justicia Alternativa, un espacio de intercambio acerca de la justicia alternativa, comunitaria y tradicional en las comunidades ind\u00edgenas de Hidalgo, Estado de M\u00e9xico y Quintana Roo. Con este Segundo Encuentro, buscamos, por un lado, enriquecer la reflexi\u00f3n en torno a la resoluci\u00f3n [&hellip;]<\/p>\n","protected":false},"author":3,"featured_media":5576,"comment_status":"closed","ping_status":"closed","sticky":false,"template":"","format":"standard","meta":{"footnotes":""},"categories":[179],"tags":[],"class_list":["post-5505","post","type-post","status-publish","format-standard","has-post-thumbnail","hentry","category-justicia-alternativa"],"yoast_head":"<!-- This site is optimized with the Yoast SEO plugin v25.2 - https:\/\/yoast.com\/wordpress\/plugins\/seo\/ -->\n<title>Segundo Encuentro de Justicia Alternativa - World Justice Project (M\u00e9xico)<\/title>\n<meta name=\"robots\" content=\"index, follow, max-snippet:-1, max-image-preview:large, max-video-preview:-1\" \/>\n<link rel=\"canonical\" href=\"https:\/\/worldjusticeproject.mx\/en\/segundo-encuentro-de-justicia-alternativa\/\" \/>\n<meta property=\"og:locale\" content=\"en_US\" \/>\n<meta property=\"og:type\" content=\"article\" \/>\n<meta property=\"og:title\" content=\"Segundo Encuentro de Justicia Alternativa - World Justice Project (M\u00e9xico)\" \/>\n<meta property=\"og:description\" content=\"El pasado 2 de diciembre de 2024 se realiz\u00f3 el 2\u00ba Encuentro de Justicia Alternativa, un espacio de intercambio acerca de la justicia alternativa, comunitaria y tradicional en las comunidades ind\u00edgenas de Hidalgo, Estado de M\u00e9xico y Quintana Roo. Con este Segundo Encuentro, buscamos, por un lado, enriquecer la reflexi\u00f3n en torno a la resoluci\u00f3n [&hellip;]\" \/>\n<meta property=\"og:url\" content=\"https:\/\/worldjusticeproject.mx\/en\/segundo-encuentro-de-justicia-alternativa\/\" \/>\n<meta property=\"og:site_name\" content=\"World Justice Project (M\u00e9xico)\" \/>\n<meta property=\"article:published_time\" content=\"2024-11-29T17:29:40+00:00\" \/>\n<meta property=\"article:modified_time\" content=\"2025-01-21T23:04:21+00:00\" \/>\n<meta property=\"og:image\" content=\"https:\/\/worldjusticeproject.mx\/wp-content\/uploads\/2024\/11\/468660822_543006815292378_6232329940132900544_n-e1737500166733.jpg\" \/>\n\t<meta property=\"og:image:width\" content=\"1200\" \/>\n\t<meta property=\"og:image:height\" content=\"704\" \/>\n\t<meta property=\"og:image:type\" content=\"image\/jpeg\" \/>\n<meta name=\"author\" content=\"World Justice Project M\u00e9xico\" \/>\n<meta name=\"twitter:card\" content=\"summary_large_image\" \/>\n<meta name=\"twitter:label1\" content=\"Written by\" \/>\n\t<meta name=\"twitter:data1\" content=\"World Justice Project M\u00e9xico\" \/>\n\t<meta name=\"twitter:label2\" content=\"Est. reading time\" \/>\n\t<meta name=\"twitter:data2\" content=\"2 minutes\" \/>\n<script type=\"application\/ld+json\" class=\"yoast-schema-graph\">{\"@context\":\"https:\/\/schema.org\",\"@graph\":[{\"@type\":\"WebPage\",\"@id\":\"https:\/\/worldjusticeproject.mx\/segundo-encuentro-de-justicia-alternativa\/\",\"url\":\"https:\/\/worldjusticeproject.mx\/segundo-encuentro-de-justicia-alternativa\/\",\"name\":\"Segundo Encuentro de Justicia Alternativa - World Justice Project (M\u00e9xico)\",\"isPartOf\":{\"@id\":\"https:\/\/worldjusticeproject.mx\/#website\"},\"primaryImageOfPage\":{\"@id\":\"https:\/\/worldjusticeproject.mx\/segundo-encuentro-de-justicia-alternativa\/#primaryimage\"},\"image\":{\"@id\":\"https:\/\/worldjusticeproject.mx\/segundo-encuentro-de-justicia-alternativa\/#primaryimage\"},\"thumbnailUrl\":\"https:\/\/worldjusticeproject.mx\/wp-content\/uploads\/2024\/11\/468660822_543006815292378_6232329940132900544_n-e1737500166733.jpg\",\"datePublished\":\"2024-11-29T17:29:40+00:00\",\"dateModified\":\"2025-01-21T23:04:21+00:00\",\"author\":{\"@id\":\"https:\/\/worldjusticeproject.mx\/#\/schema\/person\/4dd2561c1e4485d2ac2cb170f20b86d9\"},\"breadcrumb\":{\"@id\":\"https:\/\/worldjusticeproject.mx\/segundo-encuentro-de-justicia-alternativa\/#breadcrumb\"},\"inLanguage\":\"en-US\",\"potentialAction\":[{\"@type\":\"ReadAction\",\"target\":[\"https:\/\/worldjusticeproject.mx\/segundo-encuentro-de-justicia-alternativa\/\"]}]},{\"@type\":\"ImageObject\",\"inLanguage\":\"en-US\",\"@id\":\"https:\/\/worldjusticeproject.mx\/segundo-encuentro-de-justicia-alternativa\/#primaryimage\",\"url\":\"https:\/\/worldjusticeproject.mx\/wp-content\/uploads\/2024\/11\/468660822_543006815292378_6232329940132900544_n-e1737500166733.jpg\",\"contentUrl\":\"https:\/\/worldjusticeproject.mx\/wp-content\/uploads\/2024\/11\/468660822_543006815292378_6232329940132900544_n-e1737500166733.jpg\",\"width\":1200,\"height\":704},{\"@type\":\"BreadcrumbList\",\"@id\":\"https:\/\/worldjusticeproject.mx\/segundo-encuentro-de-justicia-alternativa\/#breadcrumb\",\"itemListElement\":[{\"@type\":\"ListItem\",\"position\":1,\"name\":\"Home\",\"item\":\"https:\/\/worldjusticeproject.mx\/\"},{\"@type\":\"ListItem\",\"position\":2,\"name\":\"Segundo Encuentro de Justicia Alternativa\"}]},{\"@type\":\"WebSite\",\"@id\":\"https:\/\/worldjusticeproject.mx\/#website\",\"url\":\"https:\/\/worldjusticeproject.mx\/\",\"name\":\"World Justice Project (M\u00e9xico)\",\"description\":\"Sitio web de la oficina en M\u00e9xico de la organizaci\u00f3n basada en Washington DC, Estados Unidos\",\"potentialAction\":[{\"@type\":\"SearchAction\",\"target\":{\"@type\":\"EntryPoint\",\"urlTemplate\":\"https:\/\/worldjusticeproject.mx\/?s={search_term_string}\"},\"query-input\":{\"@type\":\"PropertyValueSpecification\",\"valueRequired\":true,\"valueName\":\"search_term_string\"}}],\"inLanguage\":\"en-US\"},{\"@type\":\"Person\",\"@id\":\"https:\/\/worldjusticeproject.mx\/#\/schema\/person\/4dd2561c1e4485d2ac2cb170f20b86d9\",\"name\":\"World Justice Project M\u00e9xico\",\"image\":{\"@type\":\"ImageObject\",\"inLanguage\":\"en-US\",\"@id\":\"https:\/\/worldjusticeproject.mx\/#\/schema\/person\/image\/\",\"url\":\"https:\/\/secure.gravatar.com\/avatar\/3f5d203e83f8a63f4f5b9750664b86564eef1320a626a96c7006222a1fd31f47?s=96&d=wp_user_avatar&r=g\",\"contentUrl\":\"https:\/\/secure.gravatar.com\/avatar\/3f5d203e83f8a63f4f5b9750664b86564eef1320a626a96c7006222a1fd31f47?s=96&d=wp_user_avatar&r=g\",\"caption\":\"World Justice Project M\u00e9xico\"},\"url\":\"https:\/\/worldjusticeproject.mx\/en\/author\/editor\/\"}]}<\/script>\n<!-- \/ Yoast SEO plugin. -->","yoast_head_json":{"title":"Segundo Encuentro de Justicia Alternativa - World Justice Project (M\u00e9xico)","robots":{"index":"index","follow":"follow","max-snippet":"max-snippet:-1","max-image-preview":"max-image-preview:large","max-video-preview":"max-video-preview:-1"},"canonical":"https:\/\/worldjusticeproject.mx\/en\/segundo-encuentro-de-justicia-alternativa\/","og_locale":"en_US","og_type":"article","og_title":"Segundo Encuentro de Justicia Alternativa - World Justice Project (M\u00e9xico)","og_description":"El pasado 2 de diciembre de 2024 se realiz\u00f3 el 2\u00ba Encuentro de Justicia Alternativa, un espacio de intercambio acerca de la justicia alternativa, comunitaria y tradicional en las comunidades ind\u00edgenas de Hidalgo, Estado de M\u00e9xico y Quintana Roo. Con este Segundo Encuentro, buscamos, por un lado, enriquecer la reflexi\u00f3n en torno a la resoluci\u00f3n [&hellip;]","og_url":"https:\/\/worldjusticeproject.mx\/en\/segundo-encuentro-de-justicia-alternativa\/","og_site_name":"World Justice Project (M\u00e9xico)","article_published_time":"2024-11-29T17:29:40+00:00","article_modified_time":"2025-01-21T23:04:21+00:00","og_image":[{"width":1200,"height":704,"url":"https:\/\/worldjusticeproject.mx\/wp-content\/uploads\/2024\/11\/468660822_543006815292378_6232329940132900544_n-e1737500166733.jpg","type":"image\/jpeg"}],"author":"World Justice Project M\u00e9xico","twitter_card":"summary_large_image","twitter_misc":{"Written by":"World Justice Project M\u00e9xico","Est. reading time":"2 minutes"},"schema":{"@context":"https:\/\/schema.org","@graph":[{"@type":"WebPage","@id":"https:\/\/worldjusticeproject.mx\/segundo-encuentro-de-justicia-alternativa\/","url":"https:\/\/worldjusticeproject.mx\/segundo-encuentro-de-justicia-alternativa\/","name":"Segundo Encuentro de Justicia Alternativa - World Justice Project (M\u00e9xico)","isPartOf":{"@id":"https:\/\/worldjusticeproject.mx\/#website"},"primaryImageOfPage":{"@id":"https:\/\/worldjusticeproject.mx\/segundo-encuentro-de-justicia-alternativa\/#primaryimage"},"image":{"@id":"https:\/\/worldjusticeproject.mx\/segundo-encuentro-de-justicia-alternativa\/#primaryimage"},"thumbnailUrl":"https:\/\/worldjusticeproject.mx\/wp-content\/uploads\/2024\/11\/468660822_543006815292378_6232329940132900544_n-e1737500166733.jpg","datePublished":"2024-11-29T17:29:40+00:00","dateModified":"2025-01-21T23:04:21+00:00","author":{"@id":"https:\/\/worldjusticeproject.mx\/#\/schema\/person\/4dd2561c1e4485d2ac2cb170f20b86d9"},"breadcrumb":{"@id":"https:\/\/worldjusticeproject.mx\/segundo-encuentro-de-justicia-alternativa\/#breadcrumb"},"inLanguage":"en-US","potentialAction":[{"@type":"ReadAction","target":["https:\/\/worldjusticeproject.mx\/segundo-encuentro-de-justicia-alternativa\/"]}]},{"@type":"ImageObject","inLanguage":"en-US","@id":"https:\/\/worldjusticeproject.mx\/segundo-encuentro-de-justicia-alternativa\/#primaryimage","url":"https:\/\/worldjusticeproject.mx\/wp-content\/uploads\/2024\/11\/468660822_543006815292378_6232329940132900544_n-e1737500166733.jpg","contentUrl":"https:\/\/worldjusticeproject.mx\/wp-content\/uploads\/2024\/11\/468660822_543006815292378_6232329940132900544_n-e1737500166733.jpg","width":1200,"height":704},{"@type":"BreadcrumbList","@id":"https:\/\/worldjusticeproject.mx\/segundo-encuentro-de-justicia-alternativa\/#breadcrumb","itemListElement":[{"@type":"ListItem","position":1,"name":"Home","item":"https:\/\/worldjusticeproject.mx\/"},{"@type":"ListItem","position":2,"name":"Segundo Encuentro de Justicia Alternativa"}]},{"@type":"WebSite","@id":"https:\/\/worldjusticeproject.mx\/#website","url":"https:\/\/worldjusticeproject.mx\/","name":"World Justice Project (M\u00e9xico)","description":"Sitio web de la oficina en M\u00e9xico de la organizaci\u00f3n basada en Washington DC, Estados Unidos","potentialAction":[{"@type":"SearchAction","target":{"@type":"EntryPoint","urlTemplate":"https:\/\/worldjusticeproject.mx\/?s={search_term_string}"},"query-input":{"@type":"PropertyValueSpecification","valueRequired":true,"valueName":"search_term_string"}}],"inLanguage":"en-US"},{"@type":"Person","@id":"https:\/\/worldjusticeproject.mx\/#\/schema\/person\/4dd2561c1e4485d2ac2cb170f20b86d9","name":"World Justice Project M\u00e9xico","image":{"@type":"ImageObject","inLanguage":"en-US","@id":"https:\/\/worldjusticeproject.mx\/#\/schema\/person\/image\/","url":"https:\/\/secure.gravatar.com\/avatar\/3f5d203e83f8a63f4f5b9750664b86564eef1320a626a96c7006222a1fd31f47?s=96&d=wp_user_avatar&r=g","contentUrl":"https:\/\/secure.gravatar.com\/avatar\/3f5d203e83f8a63f4f5b9750664b86564eef1320a626a96c7006222a1fd31f47?s=96&d=wp_user_avatar&r=g","caption":"World Justice Project M\u00e9xico"},"url":"https:\/\/worldjusticeproject.mx\/en\/author\/editor\/"}]}},"_links":{"self":[{"href":"https:\/\/worldjusticeproject.mx\/en\/wp-json\/wp\/v2\/posts\/5505","targetHints":{"allow":["GET"]}}],"collection":[{"href":"https:\/\/worldjusticeproject.mx\/en\/wp-json\/wp\/v2\/posts"}],"about":[{"href":"https:\/\/worldjusticeproject.mx\/en\/wp-json\/wp\/v2\/types\/post"}],"author":[{"embeddable":true,"href":"https:\/\/worldjusticeproject.mx\/en\/wp-json\/wp\/v2\/users\/3"}],"replies":[{"embeddable":true,"href":"https:\/\/worldjusticeproject.mx\/en\/wp-json\/wp\/v2\/comments?post=5505"}],"version-history":[{"count":5,"href":"https:\/\/worldjusticeproject.mx\/en\/wp-json\/wp\/v2\/posts\/5505\/revisions"}],"predecessor-version":[{"id":5584,"href":"https:\/\/worldjusticeproject.mx\/en\/wp-json\/wp\/v2\/posts\/5505\/revisions\/5584"}],"wp:featuredmedia":[{"embeddable":true,"href":"https:\/\/worldjusticeproject.mx\/en\/wp-json\/wp\/v2\/media\/5576"}],"wp:attachment":[{"href":"https:\/\/worldjusticeproject.mx\/en\/wp-json\/wp\/v2\/media?parent=5505"}],"wp:term":[{"taxonomy":"category","embeddable":true,"href":"https:\/\/worldjusticeproject.mx\/en\/wp-json\/wp\/v2\/categories?post=5505"},{"taxonomy":"post_tag","embeddable":true,"href":"https:\/\/worldjusticeproject.mx\/en\/wp-json\/wp\/v2\/tags?post=5505"}],"curies":[{"name":"wp","href":"https:\/\/api.w.org\/{rel}","templated":true}]}}