{"id":5725,"date":"2025-09-04T12:24:21","date_gmt":"2025-09-04T18:24:21","guid":{"rendered":"https:\/\/worldjusticeproject.mx\/?p=5725"},"modified":"2025-09-08T10:43:00","modified_gmt":"2025-09-08T16:43:00","slug":"almanaque-2024","status":"publish","type":"post","link":"https:\/\/worldjusticeproject.mx\/en\/almanaque-2024\/","title":{"rendered":"Almanaque 2024: Balance de la Justicia Penal en M\u00e9xico"},"content":{"rendered":"<div data-elementor-type=\"wp-post\" data-elementor-id=\"5725\" class=\"elementor elementor-5725\" data-elementor-post-type=\"post\">\n\t\t\t\t<div class=\"elementor-element elementor-element-e2ea53d e-flex e-con-boxed e-con e-parent\" data-id=\"e2ea53d\" data-element_type=\"container\">\n\t\t\t\t\t<div class=\"e-con-inner\">\n\t\t<div class=\"elementor-element elementor-element-64ec120 e-con-full e-flex e-con e-child\" data-id=\"64ec120\" data-element_type=\"container\">\n\t\t\t\t<div class=\"elementor-element elementor-element-1f751f3 elementor-align-center elementor-widget elementor-widget-button\" data-id=\"1f751f3\" data-element_type=\"widget\" data-widget_type=\"button.default\">\n\t\t\t\t<div class=\"elementor-widget-container\">\n\t\t\t\t\t\t\t\t\t<div class=\"elementor-button-wrapper\">\n\t\t\t\t\t<a class=\"elementor-button elementor-button-link elementor-size-lg\" href=\"https:\/\/worldjusticeproject.mx\/en\/wjp_almanaque_2024\/\" target=\"_blank\">\n\t\t\t\t\t\t<span class=\"elementor-button-content-wrapper\">\n\t\t\t\t\t\t<span class=\"elementor-button-icon\">\n\t\t\t\t<i aria-hidden=\"true\" class=\"fas fa-file-pdf\"><\/i>\t\t\t<\/span>\n\t\t\t\t\t\t\t\t\t<span class=\"elementor-button-text\">Descarga Reporte<\/span>\n\t\t\t\t\t<\/span>\n\t\t\t\t\t<\/a>\n\t\t\t\t<\/div>\n\t\t\t\t\t\t\t\t<\/div>\n\t\t\t\t<\/div>\n\t\t\t\t<\/div>\n\t\t<div class=\"elementor-element elementor-element-96479d2 e-con-full e-flex e-con e-child\" data-id=\"96479d2\" data-element_type=\"container\">\n\t\t\t\t<div class=\"elementor-element elementor-element-64a843e elementor-align-center elementor-widget elementor-widget-button\" data-id=\"64a843e\" data-element_type=\"widget\" data-widget_type=\"button.default\">\n\t\t\t\t<div class=\"elementor-widget-container\">\n\t\t\t\t\t\t\t\t\t<div class=\"elementor-button-wrapper\">\n\t\t\t\t\t<a class=\"elementor-button elementor-button-link elementor-size-lg\" href=\"https:\/\/worldjusticeproject.mx\/en\/wjp_guia-de-hallazgos_almanaque-2024\/\" target=\"_blank\">\n\t\t\t\t\t\t<span class=\"elementor-button-content-wrapper\">\n\t\t\t\t\t\t<span class=\"elementor-button-icon\">\n\t\t\t\t<i aria-hidden=\"true\" class=\"fas fa-file-pdf\"><\/i>\t\t\t<\/span>\n\t\t\t\t\t\t\t\t\t<span class=\"elementor-button-text\">Descarga Gu\u00eda de Hallazgos<\/span>\n\t\t\t\t\t<\/span>\n\t\t\t\t\t<\/a>\n\t\t\t\t<\/div>\n\t\t\t\t\t\t\t\t<\/div>\n\t\t\t\t<\/div>\n\t\t\t\t<\/div>\n\t\t\t\t\t<\/div>\n\t\t\t\t<\/div>\n\t\t<div class=\"elementor-element elementor-element-7ce6059 e-flex e-con-boxed e-con e-parent\" data-id=\"7ce6059\" data-element_type=\"container\">\n\t\t\t\t\t<div class=\"e-con-inner\">\n\t\t\t\t<div class=\"elementor-element elementor-element-d0739da elementor-widget elementor-widget-text-editor\" data-id=\"d0739da\" data-element_type=\"widget\" data-widget_type=\"text-editor.default\">\n\t\t\t\t<div class=\"elementor-widget-container\">\n\t\t\t\t\t\t\t\t\t<p>El \u00ab<strong>Almanaque 2024: Balance de la Justicia Penal en M\u00e9xico<\/strong>\u00bb ofrece un an\u00e1lisis exhaustivo y \u00fanico del sistema de justicia penal acusatorio (SJPA) en M\u00e9xico, bas\u00e1ndose en las experiencias directas de m\u00e1s de 35,000 personas privadas de su libertad. El estudio eval\u00faa el SJPA desde una perspectiva de <a href=\"https:\/\/worldjusticeproject.mx\/?s=justicia+centrada+en+las+personas\" target=\"_blank\" rel=\"noopener\"><strong>justicia centrada en las personas<\/strong><\/a>, examinando c\u00f3mo los componentes de la pol\u00edtica criminal y el debido proceso afectan a quienes interact\u00faan con el sistema. Los hallazgos revelan tanto fortalezas como deficiencias en el funcionamiento actual del sistema, proporcionando una visi\u00f3n integral y matizada de la<a href=\"https:\/\/worldjusticeproject.mx\/category\/investigacion\/justicia-penal\/\" target=\"_blank\" rel=\"noopener\"><strong> justicia penal<\/strong><\/a> en el pa\u00eds.<\/p><p>El reporte se divide en dos cap\u00edtulos principales. El primero se enfoca en los componentes de la pol\u00edtica criminal, analizando las estrategias de atenci\u00f3n a delitos de alto impacto como homicidio, secuestro y robo de veh\u00edculos, as\u00ed como el fen\u00f3meno de la delincuencia prol\u00edfica. Se explora la distribuci\u00f3n de competencias entre los fueros federal y local, y se eval\u00faan las estrategias de investigaci\u00f3n, persecuci\u00f3n y judicializaci\u00f3n del delito. Los datos demuestran un uso estrat\u00e9gico del procedimiento abreviado para agilizar los casos, especialmente en delitos de drogas y armas. Sin embargo, tambi\u00e9n se se\u00f1ala la persistencia de detenciones irregulares y la falta de una investigaci\u00f3n s\u00f3lida previa al arresto en muchos casos.<\/p><p>El segundo cap\u00edtulo profundiza en el debido proceso, centr\u00e1ndose en los derechos y garant\u00edas de las personas detenidas y sentenciadas. Se analiza el cumplimiento del derecho a un proceso justo, el uso no arbitrario de la autoridad y la protecci\u00f3n de los derechos humanos. Aunque se observa una mejor\u00eda en el respeto a los derechos frente a los jueces en comparaci\u00f3n con la polic\u00eda y el Ministerio P\u00fablico, el informe destaca la alarmante prevalencia de maltratos y <a href=\"https:\/\/worldjusticeproject.mx\/tortura-mexico-enpol\/\" target=\"_blank\" rel=\"noopener\">tortura<\/a>. Adem\u00e1s, se revela que grupos vulnerables como las personas con discapacidad, las mujeres y la comunidad LGBTQ+ a menudo sufren un trato diferenciado y experimentan mayores abusos.<\/p><p>El Almanaque 2024 revela que, si bien se han logrado avances importantes desde la implementaci\u00f3n del SJPA, a\u00fan existen desaf\u00edos considerables. El sistema no logra garantizar los est\u00e1ndares m\u00ednimos del <strong><a href=\"https:\/\/worldjusticeproject.mx\/mexico-entre-la-tortura-y-el-indebido-proceso\/\" target=\"_blank\" rel=\"noopener\">debido proceso<\/a><\/strong> para la mayor\u00eda de las personas, y las pr\u00e1cticas de violencia y discriminaci\u00f3n persisten. El reporte es una herramienta fundamental para comprender el estado actual de la justicia penal en M\u00e9xico, y sus hallazgos son cruciales para quienes buscan una reforma que promueva un sistema m\u00e1s efectivo, \u00edntegro y justo para todos. La metodolog\u00eda esta disponible bajo solicitud.<\/p><p>Este Almanaque construye sobre los datos e informaci\u00f3n contenida en el <strong><a href=\"https:\/\/worldjusticeproject.mx\/almanaque-enpol16\/\" target=\"_blank\" rel=\"noopener\">Almanaque 2019<\/a><\/strong>, enfocado en comparar el sistema inquisitivo-mixto y acusatorio, a trav\u00e9s de la experiencia de las personas detenidas, procesadas y sentenciadas.<\/p>\t\t\t\t\t\t\t\t<\/div>\n\t\t\t\t<\/div>\n\t\t\t\t\t<\/div>\n\t\t\t\t<\/div>\n\t\t\t\t<\/div>","protected":false},"excerpt":{"rendered":"<p>Descarga Reporte Descarga Gu\u00eda de Hallazgos El \u00abAlmanaque 2024: Balance de la Justicia Penal en M\u00e9xico\u00bb ofrece un an\u00e1lisis exhaustivo y \u00fanico del sistema de justicia penal acusatorio (SJPA) en M\u00e9xico, bas\u00e1ndose en las experiencias directas de m\u00e1s de 35,000 personas privadas de su libertad. El estudio eval\u00faa el SJPA desde una perspectiva de justicia [&hellip;]<\/p>\n","protected":false},"author":3,"featured_media":5746,"comment_status":"closed","ping_status":"closed","sticky":false,"template":"","format":"standard","meta":{"footnotes":""},"categories":[178,16],"tags":[203],"class_list":["post-5725","post","type-post","status-publish","format-standard","has-post-thumbnail","hentry","category-investigacion","category-justicia-penal","tag-reporte"],"yoast_head":"<!-- This site is optimized with the Yoast SEO plugin v25.2 - https:\/\/yoast.com\/wordpress\/plugins\/seo\/ -->\n<title>Almanaque 2024: Balance de la Justicia Penal en M\u00e9xico - World Justice Project (M\u00e9xico)<\/title>\n<meta name=\"robots\" content=\"index, follow, max-snippet:-1, max-image-preview:large, max-video-preview:-1\" \/>\n<link rel=\"canonical\" href=\"https:\/\/worldjusticeproject.mx\/en\/almanaque-2024\/\" \/>\n<meta property=\"og:locale\" content=\"en_US\" \/>\n<meta property=\"og:type\" content=\"article\" \/>\n<meta property=\"og:title\" content=\"Almanaque 2024: Balance de la Justicia Penal en M\u00e9xico - World Justice Project (M\u00e9xico)\" \/>\n<meta property=\"og:description\" content=\"Descarga Reporte Descarga Gu\u00eda de Hallazgos El \u00abAlmanaque 2024: Balance de la Justicia Penal en M\u00e9xico\u00bb ofrece un an\u00e1lisis exhaustivo y \u00fanico del sistema de justicia penal acusatorio (SJPA) en M\u00e9xico, bas\u00e1ndose en las experiencias directas de m\u00e1s de 35,000 personas privadas de su libertad. El estudio eval\u00faa el SJPA desde una perspectiva de justicia [&hellip;]\" \/>\n<meta property=\"og:url\" content=\"https:\/\/worldjusticeproject.mx\/en\/almanaque-2024\/\" \/>\n<meta property=\"og:site_name\" content=\"World Justice Project (M\u00e9xico)\" \/>\n<meta property=\"article:published_time\" content=\"2025-09-04T18:24:21+00:00\" \/>\n<meta property=\"article:modified_time\" content=\"2025-09-08T16:43:00+00:00\" \/>\n<meta property=\"og:image\" content=\"https:\/\/worldjusticeproject.mx\/wp-content\/uploads\/2025\/09\/ALMANAQUE-2025-WEB.jpg\" \/>\n\t<meta property=\"og:image:width\" content=\"1794\" \/>\n\t<meta property=\"og:image:height\" content=\"1034\" \/>\n\t<meta property=\"og:image:type\" content=\"image\/jpeg\" \/>\n<meta name=\"author\" content=\"World Justice Project M\u00e9xico\" \/>\n<meta name=\"twitter:card\" content=\"summary_large_image\" \/>\n<meta name=\"twitter:label1\" content=\"Written by\" \/>\n\t<meta name=\"twitter:data1\" content=\"World Justice Project M\u00e9xico\" \/>\n\t<meta name=\"twitter:label2\" content=\"Est. reading time\" \/>\n\t<meta name=\"twitter:data2\" content=\"3 minutes\" \/>\n<script type=\"application\/ld+json\" class=\"yoast-schema-graph\">{\"@context\":\"https:\/\/schema.org\",\"@graph\":[{\"@type\":\"WebPage\",\"@id\":\"https:\/\/worldjusticeproject.mx\/almanaque-2024\/\",\"url\":\"https:\/\/worldjusticeproject.mx\/almanaque-2024\/\",\"name\":\"Almanaque 2024: Balance de la Justicia Penal en M\u00e9xico - World Justice Project (M\u00e9xico)\",\"isPartOf\":{\"@id\":\"https:\/\/worldjusticeproject.mx\/#website\"},\"primaryImageOfPage\":{\"@id\":\"https:\/\/worldjusticeproject.mx\/almanaque-2024\/#primaryimage\"},\"image\":{\"@id\":\"https:\/\/worldjusticeproject.mx\/almanaque-2024\/#primaryimage\"},\"thumbnailUrl\":\"https:\/\/worldjusticeproject.mx\/wp-content\/uploads\/2025\/09\/ALMANAQUE-2025-WEB.jpg\",\"datePublished\":\"2025-09-04T18:24:21+00:00\",\"dateModified\":\"2025-09-08T16:43:00+00:00\",\"author\":{\"@id\":\"https:\/\/worldjusticeproject.mx\/#\/schema\/person\/4dd2561c1e4485d2ac2cb170f20b86d9\"},\"breadcrumb\":{\"@id\":\"https:\/\/worldjusticeproject.mx\/almanaque-2024\/#breadcrumb\"},\"inLanguage\":\"en-US\",\"potentialAction\":[{\"@type\":\"ReadAction\",\"target\":[\"https:\/\/worldjusticeproject.mx\/almanaque-2024\/\"]}]},{\"@type\":\"ImageObject\",\"inLanguage\":\"en-US\",\"@id\":\"https:\/\/worldjusticeproject.mx\/almanaque-2024\/#primaryimage\",\"url\":\"https:\/\/worldjusticeproject.mx\/wp-content\/uploads\/2025\/09\/ALMANAQUE-2025-WEB.jpg\",\"contentUrl\":\"https:\/\/worldjusticeproject.mx\/wp-content\/uploads\/2025\/09\/ALMANAQUE-2025-WEB.jpg\",\"width\":1794,\"height\":1034},{\"@type\":\"BreadcrumbList\",\"@id\":\"https:\/\/worldjusticeproject.mx\/almanaque-2024\/#breadcrumb\",\"itemListElement\":[{\"@type\":\"ListItem\",\"position\":1,\"name\":\"Home\",\"item\":\"https:\/\/worldjusticeproject.mx\/\"},{\"@type\":\"ListItem\",\"position\":2,\"name\":\"Almanaque 2024: Balance de la Justicia Penal en M\u00e9xico\"}]},{\"@type\":\"WebSite\",\"@id\":\"https:\/\/worldjusticeproject.mx\/#website\",\"url\":\"https:\/\/worldjusticeproject.mx\/\",\"name\":\"World Justice Project (M\u00e9xico)\",\"description\":\"Sitio web de la oficina en M\u00e9xico de la organizaci\u00f3n basada en Washington DC, Estados Unidos\",\"potentialAction\":[{\"@type\":\"SearchAction\",\"target\":{\"@type\":\"EntryPoint\",\"urlTemplate\":\"https:\/\/worldjusticeproject.mx\/?s={search_term_string}\"},\"query-input\":{\"@type\":\"PropertyValueSpecification\",\"valueRequired\":true,\"valueName\":\"search_term_string\"}}],\"inLanguage\":\"en-US\"},{\"@type\":\"Person\",\"@id\":\"https:\/\/worldjusticeproject.mx\/#\/schema\/person\/4dd2561c1e4485d2ac2cb170f20b86d9\",\"name\":\"World Justice Project M\u00e9xico\",\"image\":{\"@type\":\"ImageObject\",\"inLanguage\":\"en-US\",\"@id\":\"https:\/\/worldjusticeproject.mx\/#\/schema\/person\/image\/\",\"url\":\"https:\/\/secure.gravatar.com\/avatar\/3f5d203e83f8a63f4f5b9750664b86564eef1320a626a96c7006222a1fd31f47?s=96&d=wp_user_avatar&r=g\",\"contentUrl\":\"https:\/\/secure.gravatar.com\/avatar\/3f5d203e83f8a63f4f5b9750664b86564eef1320a626a96c7006222a1fd31f47?s=96&d=wp_user_avatar&r=g\",\"caption\":\"World Justice Project M\u00e9xico\"},\"url\":\"https:\/\/worldjusticeproject.mx\/en\/author\/editor\/\"}]}<\/script>\n<!-- \/ Yoast SEO plugin. -->","yoast_head_json":{"title":"Almanaque 2024: Balance de la Justicia Penal en M\u00e9xico - World Justice Project (M\u00e9xico)","robots":{"index":"index","follow":"follow","max-snippet":"max-snippet:-1","max-image-preview":"max-image-preview:large","max-video-preview":"max-video-preview:-1"},"canonical":"https:\/\/worldjusticeproject.mx\/en\/almanaque-2024\/","og_locale":"en_US","og_type":"article","og_title":"Almanaque 2024: Balance de la Justicia Penal en M\u00e9xico - World Justice Project (M\u00e9xico)","og_description":"Descarga Reporte Descarga Gu\u00eda de Hallazgos El \u00abAlmanaque 2024: Balance de la Justicia Penal en M\u00e9xico\u00bb ofrece un an\u00e1lisis exhaustivo y \u00fanico del sistema de justicia penal acusatorio (SJPA) en M\u00e9xico, bas\u00e1ndose en las experiencias directas de m\u00e1s de 35,000 personas privadas de su libertad. El estudio eval\u00faa el SJPA desde una perspectiva de justicia [&hellip;]","og_url":"https:\/\/worldjusticeproject.mx\/en\/almanaque-2024\/","og_site_name":"World Justice Project (M\u00e9xico)","article_published_time":"2025-09-04T18:24:21+00:00","article_modified_time":"2025-09-08T16:43:00+00:00","og_image":[{"width":1794,"height":1034,"url":"https:\/\/worldjusticeproject.mx\/wp-content\/uploads\/2025\/09\/ALMANAQUE-2025-WEB.jpg","type":"image\/jpeg"}],"author":"World Justice Project M\u00e9xico","twitter_card":"summary_large_image","twitter_misc":{"Written by":"World Justice Project M\u00e9xico","Est. reading time":"3 minutes"},"schema":{"@context":"https:\/\/schema.org","@graph":[{"@type":"WebPage","@id":"https:\/\/worldjusticeproject.mx\/almanaque-2024\/","url":"https:\/\/worldjusticeproject.mx\/almanaque-2024\/","name":"Almanaque 2024: Balance de la Justicia Penal en M\u00e9xico - World Justice Project (M\u00e9xico)","isPartOf":{"@id":"https:\/\/worldjusticeproject.mx\/#website"},"primaryImageOfPage":{"@id":"https:\/\/worldjusticeproject.mx\/almanaque-2024\/#primaryimage"},"image":{"@id":"https:\/\/worldjusticeproject.mx\/almanaque-2024\/#primaryimage"},"thumbnailUrl":"https:\/\/worldjusticeproject.mx\/wp-content\/uploads\/2025\/09\/ALMANAQUE-2025-WEB.jpg","datePublished":"2025-09-04T18:24:21+00:00","dateModified":"2025-09-08T16:43:00+00:00","author":{"@id":"https:\/\/worldjusticeproject.mx\/#\/schema\/person\/4dd2561c1e4485d2ac2cb170f20b86d9"},"breadcrumb":{"@id":"https:\/\/worldjusticeproject.mx\/almanaque-2024\/#breadcrumb"},"inLanguage":"en-US","potentialAction":[{"@type":"ReadAction","target":["https:\/\/worldjusticeproject.mx\/almanaque-2024\/"]}]},{"@type":"ImageObject","inLanguage":"en-US","@id":"https:\/\/worldjusticeproject.mx\/almanaque-2024\/#primaryimage","url":"https:\/\/worldjusticeproject.mx\/wp-content\/uploads\/2025\/09\/ALMANAQUE-2025-WEB.jpg","contentUrl":"https:\/\/worldjusticeproject.mx\/wp-content\/uploads\/2025\/09\/ALMANAQUE-2025-WEB.jpg","width":1794,"height":1034},{"@type":"BreadcrumbList","@id":"https:\/\/worldjusticeproject.mx\/almanaque-2024\/#breadcrumb","itemListElement":[{"@type":"ListItem","position":1,"name":"Home","item":"https:\/\/worldjusticeproject.mx\/"},{"@type":"ListItem","position":2,"name":"Almanaque 2024: Balance de la Justicia Penal en M\u00e9xico"}]},{"@type":"WebSite","@id":"https:\/\/worldjusticeproject.mx\/#website","url":"https:\/\/worldjusticeproject.mx\/","name":"World Justice Project (M\u00e9xico)","description":"Sitio web de la oficina en M\u00e9xico de la organizaci\u00f3n basada en Washington DC, Estados Unidos","potentialAction":[{"@type":"SearchAction","target":{"@type":"EntryPoint","urlTemplate":"https:\/\/worldjusticeproject.mx\/?s={search_term_string}"},"query-input":{"@type":"PropertyValueSpecification","valueRequired":true,"valueName":"search_term_string"}}],"inLanguage":"en-US"},{"@type":"Person","@id":"https:\/\/worldjusticeproject.mx\/#\/schema\/person\/4dd2561c1e4485d2ac2cb170f20b86d9","name":"World Justice Project M\u00e9xico","image":{"@type":"ImageObject","inLanguage":"en-US","@id":"https:\/\/worldjusticeproject.mx\/#\/schema\/person\/image\/","url":"https:\/\/secure.gravatar.com\/avatar\/3f5d203e83f8a63f4f5b9750664b86564eef1320a626a96c7006222a1fd31f47?s=96&d=wp_user_avatar&r=g","contentUrl":"https:\/\/secure.gravatar.com\/avatar\/3f5d203e83f8a63f4f5b9750664b86564eef1320a626a96c7006222a1fd31f47?s=96&d=wp_user_avatar&r=g","caption":"World Justice Project M\u00e9xico"},"url":"https:\/\/worldjusticeproject.mx\/en\/author\/editor\/"}]}},"_links":{"self":[{"href":"https:\/\/worldjusticeproject.mx\/en\/wp-json\/wp\/v2\/posts\/5725","targetHints":{"allow":["GET"]}}],"collection":[{"href":"https:\/\/worldjusticeproject.mx\/en\/wp-json\/wp\/v2\/posts"}],"about":[{"href":"https:\/\/worldjusticeproject.mx\/en\/wp-json\/wp\/v2\/types\/post"}],"author":[{"embeddable":true,"href":"https:\/\/worldjusticeproject.mx\/en\/wp-json\/wp\/v2\/users\/3"}],"replies":[{"embeddable":true,"href":"https:\/\/worldjusticeproject.mx\/en\/wp-json\/wp\/v2\/comments?post=5725"}],"version-history":[{"count":5,"href":"https:\/\/worldjusticeproject.mx\/en\/wp-json\/wp\/v2\/posts\/5725\/revisions"}],"predecessor-version":[{"id":5752,"href":"https:\/\/worldjusticeproject.mx\/en\/wp-json\/wp\/v2\/posts\/5725\/revisions\/5752"}],"wp:featuredmedia":[{"embeddable":true,"href":"https:\/\/worldjusticeproject.mx\/en\/wp-json\/wp\/v2\/media\/5746"}],"wp:attachment":[{"href":"https:\/\/worldjusticeproject.mx\/en\/wp-json\/wp\/v2\/media?parent=5725"}],"wp:term":[{"taxonomy":"category","embeddable":true,"href":"https:\/\/worldjusticeproject.mx\/en\/wp-json\/wp\/v2\/categories?post=5725"},{"taxonomy":"post_tag","embeddable":true,"href":"https:\/\/worldjusticeproject.mx\/en\/wp-json\/wp\/v2\/tags?post=5725"}],"curies":[{"name":"wp","href":"https:\/\/api.w.org\/{rel}","templated":true}]}}